{"id":81999,"date":"2022-11-09T14:35:00","date_gmt":"2022-11-09T20:35:00","guid":{"rendered":"https:\/\/nvnoticias.mx\/?p=81999"},"modified":"2022-11-09T18:15:26","modified_gmt":"2022-11-10T00:15:26","slug":"senado-declara-constitucional-presencia-del-ejercito-en-las-calles-hasta-2028","status":"publish","type":"post","link":"https:\/\/nvnoticias.mx\/index.php\/2022\/11\/09\/senado-declara-constitucional-presencia-del-ejercito-en-las-calles-hasta-2028\/","title":{"rendered":"Senado declara constitucional presencia del Ej\u00e9rcito en las calles hasta 2028"},"content":{"rendered":"\n<p>El pleno del Senado hizo la declaratoria de\u00a0validez de la reforma a la Constituci\u00f3n que ampl\u00eda el plazo hasta 2028 para que las fuerzas armadas contin\u00faen participando en tareas de seguridad p\u00fablica. <\/p>\n\n\n\n<p>Durante la sesi\u00f3n de hoy, Jos\u00e9 Narro, secretario de la Mesa Directiva, dio cuenta que los congresos locales de Baja California, Baja California Sur, Campeche, Coahuila de Zaragoza, Colima, Chiapas, Hidalgo, Estado de M\u00e9xico, Michoac\u00e1n de Ocampo, Nayarit, Oaxaca, Puebla, Quintana Roo, San Luis Potos\u00ed, Sinaloa, Sonora, Tabasco, Tamaulipas, Veracruz Ignacio de la Llave y la Legislatura de la Ciudad de M\u00e9xico, dieron su voto aprobatorio a la reforma al art\u00edculo quinto Transitorio constitucional en materia de Guardia Nacional. <\/p>\n\n\n\n<p>Desde su esca\u00f1o, el senador del Grupo Plural, Germ\u00e1n Mart\u00ednez, calific\u00f3 la declaratoria como una \u201cvictoria p\u00edrrica\u201d para el gobierno, pues record\u00f3 que la Suprema Corte de Justicia de la Naci\u00f3n (SCJN) admiti\u00f3 a tr\u00e1mite la acci\u00f3n de inconstitucionalidad presentada por el bloque de contenci\u00f3n para impugnar esta modificaci\u00f3n. <\/p>\n\n\n\n<p>El decreto se envi\u00f3 al Diario Oficial de la Federaci\u00f3n para su promulgaci\u00f3n. <\/p>\n\n\n\n<p>Fuente: <a href=\"https:\/\/www.milenio.com\/politica\/senado-valida-reforma-ejercito-siga-calles-2028\">Milenio<\/a><\/p>\n","protected":false},"excerpt":{"rendered":"<p>El pleno del Senado hizo la declaratoria de\u00a0validez de la reforma a la Constituci\u00f3n que ampl\u00eda el plazo hasta 2028 para que las fuerzas armadas contin\u00faen participando en tareas de seguridad p\u00fablica. Durante la sesi\u00f3n de hoy, Jos\u00e9 Narro, secretario de la Mesa Directiva, dio cuenta que los congresos locales de Baja California, Baja California [&hellip;]<\/p>\n","protected":false},"author":8,"featured_media":74235,"comment_status":"open","ping_status":"open","sticky":false,"template":"","format":"standard","meta":{"_monsterinsights_skip_tracking":false,"_monsterinsights_sitenote_active":false,"_monsterinsights_sitenote_note":"","_monsterinsights_sitenote_category":0,"footnotes":""},"categories":[158],"tags":[4646,162,19234,369],"class_list":["post-81999","post","type-post","status-publish","format-standard","has-post-thumbnail","hentry","category-politica","tag-ejercito-2","tag-portada","tag-reforma-militar","tag-senado","wp-image-borders"],"amp_enabled":true,"_links":{"self":[{"href":"https:\/\/nvnoticias.mx\/index.php\/wp-json\/wp\/v2\/posts\/81999","targetHints":{"allow":["GET"]}}],"collection":[{"href":"https:\/\/nvnoticias.mx\/index.php\/wp-json\/wp\/v2\/posts"}],"about":[{"href":"https:\/\/nvnoticias.mx\/index.php\/wp-json\/wp\/v2\/types\/post"}],"author":[{"embeddable":true,"href":"https:\/\/nvnoticias.mx\/index.php\/wp-json\/wp\/v2\/users\/8"}],"replies":[{"embeddable":true,"href":"https:\/\/nvnoticias.mx\/index.php\/wp-json\/wp\/v2\/comments?post=81999"}],"version-history":[{"count":1,"href":"https:\/\/nvnoticias.mx\/index.php\/wp-json\/wp\/v2\/posts\/81999\/revisions"}],"predecessor-version":[{"id":82000,"href":"https:\/\/nvnoticias.mx\/index.php\/wp-json\/wp\/v2\/posts\/81999\/revisions\/82000"}],"wp:featuredmedia":[{"embeddable":true,"href":"https:\/\/nvnoticias.mx\/index.php\/wp-json\/wp\/v2\/media\/74235"}],"wp:attachment":[{"href":"https:\/\/nvnoticias.mx\/index.php\/wp-json\/wp\/v2\/media?parent=81999"}],"wp:term":[{"taxonomy":"category","embeddable":true,"href":"https:\/\/nvnoticias.mx\/index.php\/wp-json\/wp\/v2\/categories?post=81999"},{"taxonomy":"post_tag","embeddable":true,"href":"https:\/\/nvnoticias.mx\/index.php\/wp-json\/wp\/v2\/tags?post=81999"}],"curies":[{"name":"wp","href":"https:\/\/api.w.org\/{rel}","templated":true}]}}