{"id":81881,"date":"2022-11-09T11:09:28","date_gmt":"2022-11-09T17:09:28","guid":{"rendered":"https:\/\/nvnoticias.mx\/?p=81881"},"modified":"2022-11-09T11:09:30","modified_gmt":"2022-11-09T17:09:30","slug":"despedira-meta-a-11-mil-empleados-y-zuckerberg-pide-disculpas","status":"publish","type":"post","link":"https:\/\/nvnoticias.mx\/index.php\/2022\/11\/09\/despedira-meta-a-11-mil-empleados-y-zuckerberg-pide-disculpas\/","title":{"rendered":"Despedir\u00e1 Meta a 11 mil empleados y Zuckerberg pide disculpas"},"content":{"rendered":"\n<p>La empresa matriz de Facebook,\u00a0<strong>Meta<\/strong>,\u00a0<strong>despedir\u00e1 a 11 mil personas<\/strong>, el equivalente a cerca del\u00a0<strong>13 por ciento de su personal<\/strong>, ante la\u00a0<strong>ca\u00edda en sus ingresos<\/strong>\u00a0y los problemas en el sector tecnol\u00f3gico en general, dijo su director general,\u00a0<strong>Mark Zuckerberg<\/strong>, en una carta a los empleados el mi\u00e9rcoles.<\/p>\n\n\n\n<p>La medida se anuncia apenas una semana despu\u00e9s de los\u00a0<strong>despidos masivos en Twitter<\/strong>\u00a0tras la llegada de su nuevo propietario, el multimillonario\u00a0<strong>Elon Musk<\/strong>.<\/p>\n\n\n\n<p>Meta, como otras empresas de redes sociales, vio como sus cuentas se llenaban durante los confinamientos por la<strong>\u00a0pandemia del coronavirus<\/strong>, ya que la gente, confinada en sus casas, consultaba ms sus celulares y computadoras.\u00a0<strong>Pero a medida que se aliviaron las medidas y la gente volvi\u00f3 a salir, los ingresos comenzaron a tambalearse.<\/strong><\/p>\n\n\n\n<p>La ralentizaci\u00f3n de la econom\u00eda y las<strong>\u00a0sombr\u00edas perspectivas para la publicidad en internet<\/strong>, que es la mayor fuente de ingresos de Meta, han contribuido a sus problemas. Este verano, report\u00f3 la<strong>\u00a0primera bajada trimestral de ingresos de su historia<\/strong>, seguida de otra m\u00e1s grande en oto\u00f1o.<\/p>\n\n\n\n<p>Algunos de los problemas son espec\u00edficos de Meta, mientras que otros est\u00e1n ligados a la econom\u00eda y la tecnolog\u00eda.<\/p>\n\n\n\n<p>La semana pasada,\u00a0<strong>Twitter despidi\u00f3 a casi la mitad de sus 7 mil 500 empleados como parte de una ca\u00f3tica remodelaci\u00f3n tras la llegada de Musk<\/strong>. El empresario tuite\u00f3 que no hab\u00eda m\u00e1s remedio que recortar empleos \u201c<strong>cuando la empresa est\u00e1 perdiendo m\u00e1s de 4 millones de d\u00f3lares por d\u00eda<\/strong>\u201d, aunque no dio m\u00e1s detalles sobre las p\u00e9rdidas.<\/p>\n\n\n\n<p>Meta ha preocupado a los inversionistas al destinar m\u00e1s de\u00a0<strong>10 mil millones de d\u00f3lares anuales<\/strong>\u00a0al \u201c<strong>metaverso<\/strong>\u201d mientras se aleja de las redes sociales. Zuckerberg prev\u00e9 que el metaverso, un entorno digital inmersivo,\u00a0<strong>acabe sustituyendo a los celulares como v\u00eda principal de uso de la tecnolog\u00eda<\/strong>.<\/p>\n\n\n\n<p>Meta y sus anunciantes se preparan para una posible recesi\u00f3n. Adem\u00e1s, se enfrenta al desaf\u00edo de las herramientas de privacidad de&nbsp;<strong>Apple<\/strong>, que dificultan que las plataformas de redes sociales como Facebook, Instagram y Snap<strong>&nbsp;rastreen a sus usuarios sin consentimiento&nbsp;<\/strong>y les ofrezcan comerciales en funci\u00f3n de sus gustos.<\/p>\n\n\n\n<p>La competencia de<strong>TikTok<\/strong>\u00a0supone tambi\u00e9n una creciente amenaza ya que los usuarios m\u00e1s j\u00f3venes<strong>\u00a0prefieren la aplicaci\u00f3n de videos compartidos a Instagram<\/strong>, que tambi\u00e9n es propiedad de Meta.<\/p>\n\n\n\n<p>Fuente: <a href=\"https:\/\/www.elfinanciero.com.mx\/tech\/2022\/11\/09\/meta-matriz-de-facebook-despedira-a-11-mil-empleados\/\" data-type=\"URL\" data-id=\"https:\/\/www.elfinanciero.com.mx\/tech\/2022\/11\/09\/meta-matriz-de-facebook-despedira-a-11-mil-empleados\/\">El Financiero<\/a><\/p>\n","protected":false},"excerpt":{"rendered":"<p>La empresa matriz de Facebook,\u00a0Meta,\u00a0despedir\u00e1 a 11 mil personas, el equivalente a cerca del\u00a013 por ciento de su personal, ante la\u00a0ca\u00edda en sus ingresos\u00a0y los problemas en el sector tecnol\u00f3gico en general, dijo su director general,\u00a0Mark Zuckerberg, en una carta a los empleados el mi\u00e9rcoles. La medida se anuncia apenas una semana despu\u00e9s de los\u00a0despidos [&hellip;]<\/p>\n","protected":false},"author":35,"featured_media":45735,"comment_status":"open","ping_status":"open","sticky":false,"template":"","format":"standard","meta":{"_monsterinsights_skip_tracking":false,"_monsterinsights_sitenote_active":false,"_monsterinsights_sitenote_note":"","_monsterinsights_sitenote_category":0,"footnotes":""},"categories":[576],"tags":[20923,11268,294,6670],"class_list":["post-81881","post","type-post","status-publish","format-standard","has-post-thumbnail","hentry","category-ocio","tag-despedira","tag-disculpas","tag-mark-zuckerberg","tag-meta","wp-image-borders"],"amp_enabled":true,"_links":{"self":[{"href":"https:\/\/nvnoticias.mx\/index.php\/wp-json\/wp\/v2\/posts\/81881","targetHints":{"allow":["GET"]}}],"collection":[{"href":"https:\/\/nvnoticias.mx\/index.php\/wp-json\/wp\/v2\/posts"}],"about":[{"href":"https:\/\/nvnoticias.mx\/index.php\/wp-json\/wp\/v2\/types\/post"}],"author":[{"embeddable":true,"href":"https:\/\/nvnoticias.mx\/index.php\/wp-json\/wp\/v2\/users\/35"}],"replies":[{"embeddable":true,"href":"https:\/\/nvnoticias.mx\/index.php\/wp-json\/wp\/v2\/comments?post=81881"}],"version-history":[{"count":1,"href":"https:\/\/nvnoticias.mx\/index.php\/wp-json\/wp\/v2\/posts\/81881\/revisions"}],"predecessor-version":[{"id":81882,"href":"https:\/\/nvnoticias.mx\/index.php\/wp-json\/wp\/v2\/posts\/81881\/revisions\/81882"}],"wp:featuredmedia":[{"embeddable":true,"href":"https:\/\/nvnoticias.mx\/index.php\/wp-json\/wp\/v2\/media\/45735"}],"wp:attachment":[{"href":"https:\/\/nvnoticias.mx\/index.php\/wp-json\/wp\/v2\/media?parent=81881"}],"wp:term":[{"taxonomy":"category","embeddable":true,"href":"https:\/\/nvnoticias.mx\/index.php\/wp-json\/wp\/v2\/categories?post=81881"},{"taxonomy":"post_tag","embeddable":true,"href":"https:\/\/nvnoticias.mx\/index.php\/wp-json\/wp\/v2\/tags?post=81881"}],"curies":[{"name":"wp","href":"https:\/\/api.w.org\/{rel}","templated":true}]}}