{"id":81877,"date":"2022-11-09T10:48:48","date_gmt":"2022-11-09T16:48:48","guid":{"rendered":"https:\/\/nvnoticias.mx\/?p=81877"},"modified":"2022-11-09T10:48:49","modified_gmt":"2022-11-09T16:48:49","slug":"seccion-quien-es-quien-en-las-mentiras-sera-una-seccion-diaria-de-la-mananera-amlo","status":"publish","type":"post","link":"https:\/\/nvnoticias.mx\/index.php\/2022\/11\/09\/seccion-quien-es-quien-en-las-mentiras-sera-una-seccion-diaria-de-la-mananera-amlo\/","title":{"rendered":"Secci\u00f3n \u201cQui\u00e9n es qui\u00e9n en las mentiras\u201d ser\u00e1 una secci\u00f3n diaria de la ma\u00f1anera: AMLO"},"content":{"rendered":"\n<p>En tono ir\u00f3nico, el presidente&nbsp;<strong>Andr\u00e9s Manuel L\u00f3pez Obrador<\/strong>&nbsp;inform\u00f3 que debido que est\u00e1 aumentando el n\u00famero de mentiras y las calumnias en contra de su gobierno, la secci\u00f3n \u201cQui\u00e9n es qui\u00e9n en las mentiras de la semana\u201d ya no solo se presentar\u00e1 los mi\u00e9rcoles, sino ser\u00e1 diaria.<\/p>\n\n\n\n<p>En conferencia de prensa matutina y previo al informe de esta secci\u00f3n que es presentada por\u00a0<strong>Ana Elizabeth Garc\u00eda Vilchis<\/strong>, el titular del Ejecutivo federal advirti\u00f3 que las calumnias y las acusaciones sin fundamento est\u00e1n aumentando y est\u00e1n \u201cmostrando el cobre\u201d.<\/p>\n\n\n\n<p>En Palacio Nacional, el Mandatario federal manifiesto que con esto es bueno, puesto que no hay peor cosa que la hipocres\u00eda y la doble moral.<\/p>\n\n\n\n<blockquote class=\"wp-block-quote is-layout-flow wp-block-quote-is-layout-flow\"><p>\u201cEstamos a la mitad de la semana y tenemos mucha informaci\u00f3n, esperamos que haya nota. Hoy es la secci\u00f3n, como todo los mi\u00e9rcoles `Qui\u00e9n es qui\u00e9n en las mentiras\u00b4, aunque ya est\u00e1 secci\u00f3n se va a convertir en informaci\u00f3n diaria, porque est\u00e1 subiendo el n\u00famero de mentiras, y la desesperaci\u00f3n e nuestros adversarios.<\/p><\/blockquote>\n\n\n\n<blockquote class=\"wp-block-quote is-layout-flow wp-block-quote-is-layout-flow\"><p>\u201cY se va a seguir incrementando la calumnia y las acusaciones sin fundamento y van a seguir mostrando el cobre, cosa que es muy buena, porque no hay peor cosa que la hipocres\u00eda, el doble discurso, la doble moral y ahora si es fuera mascaras\u201d, dijo.<\/p><\/blockquote>\n\n\n\n<p>Fuente: <a href=\"https:\/\/www.eluniversal.com.mx\/nacion\/amlo-dice-que-la-seccion-quien-es-quien-en-las-mentiras-sera-una-seccion-diaria-de-la-mananera\" data-type=\"URL\" data-id=\"https:\/\/www.eluniversal.com.mx\/nacion\/amlo-dice-que-la-seccion-quien-es-quien-en-las-mentiras-sera-una-seccion-diaria-de-la-mananera\">El Universal<\/a><\/p>\n","protected":false},"excerpt":{"rendered":"<p>En tono ir\u00f3nico, el presidente&nbsp;Andr\u00e9s Manuel L\u00f3pez Obrador&nbsp;inform\u00f3 que debido que est\u00e1 aumentando el n\u00famero de mentiras y las calumnias en contra de su gobierno, la secci\u00f3n \u201cQui\u00e9n es qui\u00e9n en las mentiras de la semana\u201d ya no solo se presentar\u00e1 los mi\u00e9rcoles, sino ser\u00e1 diaria. En conferencia de prensa matutina y previo al informe [&hellip;]<\/p>\n","protected":false},"author":35,"featured_media":70914,"comment_status":"open","ping_status":"open","sticky":false,"template":"","format":"standard","meta":{"_monsterinsights_skip_tracking":false,"_monsterinsights_sitenote_active":false,"_monsterinsights_sitenote_note":"","_monsterinsights_sitenote_category":0,"footnotes":""},"categories":[157],"tags":[188,20922,505,20921,20920],"class_list":["post-81877","post","type-post","status-publish","format-standard","has-post-thumbnail","hentry","category-nacional","tag-amlo","tag-diaria","tag-mananera","tag-quien-es-quien-en-las-mentiras","tag-seccion","wp-image-borders"],"amp_enabled":true,"_links":{"self":[{"href":"https:\/\/nvnoticias.mx\/index.php\/wp-json\/wp\/v2\/posts\/81877","targetHints":{"allow":["GET"]}}],"collection":[{"href":"https:\/\/nvnoticias.mx\/index.php\/wp-json\/wp\/v2\/posts"}],"about":[{"href":"https:\/\/nvnoticias.mx\/index.php\/wp-json\/wp\/v2\/types\/post"}],"author":[{"embeddable":true,"href":"https:\/\/nvnoticias.mx\/index.php\/wp-json\/wp\/v2\/users\/35"}],"replies":[{"embeddable":true,"href":"https:\/\/nvnoticias.mx\/index.php\/wp-json\/wp\/v2\/comments?post=81877"}],"version-history":[{"count":1,"href":"https:\/\/nvnoticias.mx\/index.php\/wp-json\/wp\/v2\/posts\/81877\/revisions"}],"predecessor-version":[{"id":81878,"href":"https:\/\/nvnoticias.mx\/index.php\/wp-json\/wp\/v2\/posts\/81877\/revisions\/81878"}],"wp:featuredmedia":[{"embeddable":true,"href":"https:\/\/nvnoticias.mx\/index.php\/wp-json\/wp\/v2\/media\/70914"}],"wp:attachment":[{"href":"https:\/\/nvnoticias.mx\/index.php\/wp-json\/wp\/v2\/media?parent=81877"}],"wp:term":[{"taxonomy":"category","embeddable":true,"href":"https:\/\/nvnoticias.mx\/index.php\/wp-json\/wp\/v2\/categories?post=81877"},{"taxonomy":"post_tag","embeddable":true,"href":"https:\/\/nvnoticias.mx\/index.php\/wp-json\/wp\/v2\/tags?post=81877"}],"curies":[{"name":"wp","href":"https:\/\/api.w.org\/{rel}","templated":true}]}}