{"id":81866,"date":"2022-11-09T09:36:47","date_gmt":"2022-11-09T15:36:47","guid":{"rendered":"https:\/\/nvnoticias.mx\/?p=81866"},"modified":"2022-11-09T09:36:47","modified_gmt":"2022-11-09T15:36:47","slug":"jorge-nuno-se-quedara-como-secretario-de-comunicaciones-amlo","status":"publish","type":"post","link":"https:\/\/nvnoticias.mx\/index.php\/2022\/11\/09\/jorge-nuno-se-quedara-como-secretario-de-comunicaciones-amlo\/","title":{"rendered":"Jorge Nu\u00f1o se quedar\u00e1 como secretario de Comunicaciones: AMLO"},"content":{"rendered":"\n<p>Jorge Nu\u00f1o Lara ser\u00e1 el nuevo titular de la Secretar\u00eda de Infraestructura, Comunicaciones y Transportes, anunci\u00f3 este mi\u00e9rcoles el presidente Andr\u00e9s Manuel L\u00f3pez Obrador.<\/p>\n\n\n\n<blockquote class=\"wp-block-quote is-layout-flow wp-block-quote-is-layout-flow\"><p>\u201cVa a hacerse cargo de la Secretar\u00eda de Comunicaciones, Infraestructura y Obras, Jorge Nu\u00f1o, \u00e9l va a ser el pr\u00f3ximo secretario, puede ser ya\u00a0<strong>a partir del d\u00eda 15 o a finales del mes<\/strong>\u201d, precis\u00f3 el mandatario en conferencia de prensa.<\/p><\/blockquote>\n\n\n\n<p>Nu\u00f1o hab\u00eda quedado como encargado del Despacho de la dependencia luego de que\u00a0Jorge Arganis dejara el cargo de manera temporal para atender asuntos de salud.<\/p>\n\n\n\n<blockquote class=\"wp-block-quote is-layout-flow wp-block-quote-is-layout-flow\"><p>\u201cAnda enfermo el ingeniero Jorge Arganis, que lo queremos mucho, entonces esto nos lleva a que se d\u00e9 este cambio para no detenernos\u201d, agreg\u00f3.<\/p><\/blockquote>\n\n\n\n<p>Ahora Arganis se convertir\u00e1 en asesor en Presidencia y se har\u00e1 cargo de la&nbsp;<strong>reconstrucci\u00f3n del Centro SCOP<\/strong>&nbsp;en la Ciudad de M\u00e9xico, adelant\u00f3 L\u00f3pez Obrador.<\/p>\n\n\n\n<p>\u201cComo afortunadamente est\u00e1 saliendo el ingeniero Arganis poco a poco y&nbsp;<strong>no queremos que se quede inactivo,&nbsp;<\/strong>va a ser asesor en Presidencia y va a hacerse cargo de la reconstrucci\u00f3n del Centro SCOP&#8230; ah\u00ed vamos a reconstruir y \u00e9l se va a hacer cargo del proyecto\u201d, afirm\u00f3.<\/p>\n\n\n\n<h2 class=\"wp-block-heading\">\u00bfQui\u00e9n es Jorge Nu\u00f1o Lara?<\/h2>\n\n\n\n<p>El nuevo\u00a0titular de la SICT\u00a0es licenciado en econom\u00eda por el<strong>\u00a0Instituto Tecnol\u00f3gico Aut\u00f3nomo de M\u00e9xico\u00a0<\/strong>(ITAM) y cuenta con experiencia en la administraci\u00f3n, preparaci\u00f3n y puesta en marcha de proyectos de infraestructura en los sectores de comunicaciones, transporte, medioambiente, energ\u00eda y salud.<\/p>\n\n\n\n<p>Fuente: <a href=\"https:\/\/www.elfinanciero.com.mx\/nacional\/2022\/11\/09\/jorge-nuno-se-quedara-como-secretario-de-comunicaciones-anuncia-amlo\/\" data-type=\"URL\" data-id=\"https:\/\/www.elfinanciero.com.mx\/nacional\/2022\/11\/09\/jorge-nuno-se-quedara-como-secretario-de-comunicaciones-anuncia-amlo\/\">El Financiero<\/a><\/p>\n","protected":false},"excerpt":{"rendered":"<p>Jorge Nu\u00f1o Lara ser\u00e1 el nuevo titular de la Secretar\u00eda de Infraestructura, Comunicaciones y Transportes, anunci\u00f3 este mi\u00e9rcoles el presidente Andr\u00e9s Manuel L\u00f3pez Obrador. \u201cVa a hacerse cargo de la Secretar\u00eda de Comunicaciones, Infraestructura y Obras, Jorge Nu\u00f1o, \u00e9l va a ser el pr\u00f3ximo secretario, puede ser ya\u00a0a partir del d\u00eda 15 o a finales [&hellip;]<\/p>\n","protected":false},"author":35,"featured_media":73363,"comment_status":"open","ping_status":"open","sticky":false,"template":"","format":"standard","meta":{"_monsterinsights_skip_tracking":false,"_monsterinsights_sitenote_active":false,"_monsterinsights_sitenote_note":"","_monsterinsights_sitenote_category":0,"footnotes":""},"categories":[158],"tags":[20917,20916,162,9084],"class_list":["post-81866","post","type-post","status-publish","format-standard","has-post-thumbnail","hentry","category-politica","tag-comunicaciones","tag-jorge-nuno","tag-portada","tag-secretario","wp-image-borders"],"amp_enabled":true,"_links":{"self":[{"href":"https:\/\/nvnoticias.mx\/index.php\/wp-json\/wp\/v2\/posts\/81866","targetHints":{"allow":["GET"]}}],"collection":[{"href":"https:\/\/nvnoticias.mx\/index.php\/wp-json\/wp\/v2\/posts"}],"about":[{"href":"https:\/\/nvnoticias.mx\/index.php\/wp-json\/wp\/v2\/types\/post"}],"author":[{"embeddable":true,"href":"https:\/\/nvnoticias.mx\/index.php\/wp-json\/wp\/v2\/users\/35"}],"replies":[{"embeddable":true,"href":"https:\/\/nvnoticias.mx\/index.php\/wp-json\/wp\/v2\/comments?post=81866"}],"version-history":[{"count":3,"href":"https:\/\/nvnoticias.mx\/index.php\/wp-json\/wp\/v2\/posts\/81866\/revisions"}],"predecessor-version":[{"id":81869,"href":"https:\/\/nvnoticias.mx\/index.php\/wp-json\/wp\/v2\/posts\/81866\/revisions\/81869"}],"wp:featuredmedia":[{"embeddable":true,"href":"https:\/\/nvnoticias.mx\/index.php\/wp-json\/wp\/v2\/media\/73363"}],"wp:attachment":[{"href":"https:\/\/nvnoticias.mx\/index.php\/wp-json\/wp\/v2\/media?parent=81866"}],"wp:term":[{"taxonomy":"category","embeddable":true,"href":"https:\/\/nvnoticias.mx\/index.php\/wp-json\/wp\/v2\/categories?post=81866"},{"taxonomy":"post_tag","embeddable":true,"href":"https:\/\/nvnoticias.mx\/index.php\/wp-json\/wp\/v2\/tags?post=81866"}],"curies":[{"name":"wp","href":"https:\/\/api.w.org\/{rel}","templated":true}]}}