{"id":81846,"date":"2022-11-08T18:46:17","date_gmt":"2022-11-09T00:46:17","guid":{"rendered":"https:\/\/nvnoticias.mx\/?p=81846"},"modified":"2022-11-08T18:49:56","modified_gmt":"2022-11-09T00:49:56","slug":"maryjose-gamboa-exige-a-manuel-barlett-reclasificacion-de-tarifas-de-luz-en-veracruz","status":"publish","type":"post","link":"https:\/\/nvnoticias.mx\/index.php\/2022\/11\/08\/maryjose-gamboa-exige-a-manuel-barlett-reclasificacion-de-tarifas-de-luz-en-veracruz\/","title":{"rendered":"Maryjose Gamboa exige a Manuel Barlett reclasificaci\u00f3n de tarifas de luz en Veracruz"},"content":{"rendered":"\n<p>Este martes, la Diputada Federal Maryjose Gamboa Torales hizo entrega al titular de la CFE, Manuel Barlett, del oficio en que pide reclasificar las tarifas del servicio de luz en Veracruz y que se aplique el programa \u201cAdi\u00f3s a la deuda\u201d para beneficiar a las familias veracruzanas.<\/p>\n\n\n\n<p>Al asistir a la comparencia del encargado de la Comisi\u00f3n Federal de Electricidad, la Legisladora mencion\u00f3 que en el documento se pide que en la entidad veracruzana tambi\u00e9n sea aplicada la tarifa \u201c1F\u201d, as\u00ed como el estado de Tabasco fue favorecido con un convenio en 2019.<\/p>\n\n\n\n<blockquote class=\"wp-block-quote is-layout-flow wp-block-quote-is-layout-flow\"><p>\u201c<em>Los veracruzanos pagamos las tarifas m\u00e1s altas de todo el pa\u00eds y a\u00fan as\u00ed sufrimos el p\u00e9simo servicio, la prepotencia, la nula empat\u00eda y los apagones que afectan nuestras actividades cotidianas<\/em>\u201d.<\/p><\/blockquote>\n\n\n\n<p>Explic\u00f3 que Tabasco y Veracruz cuentan con condiciones socioecon\u00f3micas y clim\u00e1ticas similares, por lo que \u201cno pedimos maravillas, solo exigimos un trato igualitario\u201d.<\/p>\n\n\n\n<p>Adem\u00e1s, Maryjose Gamboa record\u00f3 que lleva meses exigiendo que CFE realice trabajos de mantenimiento en la red el\u00e9ctrica para erradicar los constantes apagones que se sufren en los municipios de Veracruz y Boca del R\u00edo.<\/p>\n\n\n\n<blockquote class=\"wp-block-quote is-layout-flow wp-block-quote-is-layout-flow\"><p>\u201c<em>Los veracruzanos merecemos pagar menos por la luz y que se nos garantice el mejor servicio. Por eso seguir\u00e9 luchando hasta obtener un resultado positivo<\/em>\u201d, expres\u00f3.<\/p><\/blockquote>\n\n\n\n<figure class=\"wp-block-video aligncenter\"><video controls src=\"https:\/\/nvnoticias.mx\/wp-content\/uploads\/2022\/11\/WhatsApp-Video-2022-11-08-at-6.37.08-PM-1.mp4\"><\/video><\/figure>\n","protected":false},"excerpt":{"rendered":"<p>Este martes, la Diputada Federal Maryjose Gamboa Torales hizo entrega al titular de la CFE, Manuel Barlett, del oficio en que pide reclasificar las tarifas del servicio de luz en Veracruz y que se aplique el programa \u201cAdi\u00f3s a la deuda\u201d para beneficiar a las familias veracruzanas. Al asistir a la comparencia del encargado de [&hellip;]<\/p>\n","protected":false},"author":8,"featured_media":81847,"comment_status":"open","ping_status":"open","sticky":false,"template":"","format":"standard","meta":{"_monsterinsights_skip_tracking":false,"_monsterinsights_sitenote_active":false,"_monsterinsights_sitenote_note":"","_monsterinsights_sitenote_category":0,"footnotes":""},"categories":[158],"tags":[2561,2848],"class_list":["post-81846","post","type-post","status-publish","format-standard","has-post-thumbnail","hentry","category-politica","tag-manuel-bartlett","tag-maryjose-gamboa","wp-image-borders"],"amp_enabled":true,"_links":{"self":[{"href":"https:\/\/nvnoticias.mx\/index.php\/wp-json\/wp\/v2\/posts\/81846","targetHints":{"allow":["GET"]}}],"collection":[{"href":"https:\/\/nvnoticias.mx\/index.php\/wp-json\/wp\/v2\/posts"}],"about":[{"href":"https:\/\/nvnoticias.mx\/index.php\/wp-json\/wp\/v2\/types\/post"}],"author":[{"embeddable":true,"href":"https:\/\/nvnoticias.mx\/index.php\/wp-json\/wp\/v2\/users\/8"}],"replies":[{"embeddable":true,"href":"https:\/\/nvnoticias.mx\/index.php\/wp-json\/wp\/v2\/comments?post=81846"}],"version-history":[{"count":2,"href":"https:\/\/nvnoticias.mx\/index.php\/wp-json\/wp\/v2\/posts\/81846\/revisions"}],"predecessor-version":[{"id":81852,"href":"https:\/\/nvnoticias.mx\/index.php\/wp-json\/wp\/v2\/posts\/81846\/revisions\/81852"}],"wp:featuredmedia":[{"embeddable":true,"href":"https:\/\/nvnoticias.mx\/index.php\/wp-json\/wp\/v2\/media\/81847"}],"wp:attachment":[{"href":"https:\/\/nvnoticias.mx\/index.php\/wp-json\/wp\/v2\/media?parent=81846"}],"wp:term":[{"taxonomy":"category","embeddable":true,"href":"https:\/\/nvnoticias.mx\/index.php\/wp-json\/wp\/v2\/categories?post=81846"},{"taxonomy":"post_tag","embeddable":true,"href":"https:\/\/nvnoticias.mx\/index.php\/wp-json\/wp\/v2\/tags?post=81846"}],"curies":[{"name":"wp","href":"https:\/\/api.w.org\/{rel}","templated":true}]}}