{"id":81837,"date":"2022-11-08T16:41:06","date_gmt":"2022-11-08T22:41:06","guid":{"rendered":"https:\/\/nvnoticias.mx\/?p=81837"},"modified":"2022-11-08T16:41:07","modified_gmt":"2022-11-08T22:41:07","slug":"mexico-llega-a-107-mil-295-desaparecidos","status":"publish","type":"post","link":"https:\/\/nvnoticias.mx\/index.php\/2022\/11\/08\/mexico-llega-a-107-mil-295-desaparecidos\/","title":{"rendered":"M\u00e9xico llega a 107 mil 295 desaparecidos"},"content":{"rendered":"\n<p>En este noviembre, M\u00e9xico ha llegado a la cifra de 107 mil 295 personas desaparecidas, inform\u00f3 Sonja Perkic, de la Comisi\u00f3n Nacional de B\u00fasqueda de la Secretar\u00eda de Gobernaci\u00f3n, quien reconoci\u00f3 que este fen\u00f3meno requiere una atenci\u00f3n integral por parte de todas las instituciones del Estado y de las entidades federativas. <\/p>\n\n\n\n<p>Al participar en el &#8220;Encuentro Nacional de Comisiones Estatales de Atenci\u00f3n a V\u00edctimas y Centros de Atenci\u00f3n Integral de la CEAV\u201d, la funcionaria dijo que la mayor\u00eda de las personas desaparecidas en el pa\u00eds son hombres, pero al observar la cifra en menores de 18 a\u00f1os, \u00e9sta se revierte ni\u00f1as y mujeres. <\/p>\n\n\n\n<p>El acto, que se realiz\u00f3 a puerta cerrada en el Complejo Cultura Los Pinos, estuvo encabezado por el subsecretario Alejandro Encinas, quien pidi\u00f3 a todos los involucrados con la atenci\u00f3n a v\u00edctimas de violencia de los gobiernos locales e instituciones de todos los niveles, \u201cquitarnos de la cabeza\u201d que todo lo debe hacer la federaci\u00f3n, espec\u00edficamente la CEAV. <\/p>\n\n\n\n<p>En su oportunidad, Mar\u00eda Fabiola Alan\u00eds S\u00e1mano, comisionada nacional para Prevenir y Erradicar la Violencia contra la Mujeres, dijo que uno de los principales retos es que se presenten denuncias, pues solo el 10 por ciento de las personas que viven alg\u00fan tipo de violencia se acercan a las instituciones a pedir apoyo. <\/p>\n\n\n\n<p>En tanto, el director de Estrategias para la Atenci\u00f3n de Derechos Humanos de la Segob, Felix Aldana, coment\u00f3 que por primera vez se realiz\u00f3 un diagn\u00f3stico sobre la tortura sexual que sufren las mujeres, en respuesta a una sentencia de la Corte Interamericana de Justicia sobre el caso de San Salvador Atenco, la cual arroj\u00f3 \u201cdatos terribles\u201d, pues ocho de cada 10 personas de ese sector que tienen conflicto con la ley han enfrentado este flagelo. <\/p>\n\n\n\n<p>Fuente: <a href=\"https:\/\/www.milenio.com\/politica\/falta-de-atencion-a-desaparecidos-comision-nacional-de-busqueda\">Milenio<\/a><\/p>\n","protected":false},"excerpt":{"rendered":"<p>En este noviembre, M\u00e9xico ha llegado a la cifra de 107 mil 295 personas desaparecidas, inform\u00f3 Sonja Perkic, de la Comisi\u00f3n Nacional de B\u00fasqueda de la Secretar\u00eda de Gobernaci\u00f3n, quien reconoci\u00f3 que este fen\u00f3meno requiere una atenci\u00f3n integral por parte de todas las instituciones del Estado y de las entidades federativas. Al participar en el [&hellip;]<\/p>\n","protected":false},"author":8,"featured_media":81839,"comment_status":"open","ping_status":"open","sticky":false,"template":"","format":"standard","meta":{"_monsterinsights_skip_tracking":false,"_monsterinsights_sitenote_active":false,"_monsterinsights_sitenote_note":"","_monsterinsights_sitenote_category":0,"footnotes":""},"categories":[157],"tags":[950,292],"class_list":["post-81837","post","type-post","status-publish","format-standard","has-post-thumbnail","hentry","category-nacional","tag-desaparecidos","tag-mexico","wp-image-borders"],"amp_enabled":true,"_links":{"self":[{"href":"https:\/\/nvnoticias.mx\/index.php\/wp-json\/wp\/v2\/posts\/81837","targetHints":{"allow":["GET"]}}],"collection":[{"href":"https:\/\/nvnoticias.mx\/index.php\/wp-json\/wp\/v2\/posts"}],"about":[{"href":"https:\/\/nvnoticias.mx\/index.php\/wp-json\/wp\/v2\/types\/post"}],"author":[{"embeddable":true,"href":"https:\/\/nvnoticias.mx\/index.php\/wp-json\/wp\/v2\/users\/8"}],"replies":[{"embeddable":true,"href":"https:\/\/nvnoticias.mx\/index.php\/wp-json\/wp\/v2\/comments?post=81837"}],"version-history":[{"count":1,"href":"https:\/\/nvnoticias.mx\/index.php\/wp-json\/wp\/v2\/posts\/81837\/revisions"}],"predecessor-version":[{"id":81840,"href":"https:\/\/nvnoticias.mx\/index.php\/wp-json\/wp\/v2\/posts\/81837\/revisions\/81840"}],"wp:featuredmedia":[{"embeddable":true,"href":"https:\/\/nvnoticias.mx\/index.php\/wp-json\/wp\/v2\/media\/81839"}],"wp:attachment":[{"href":"https:\/\/nvnoticias.mx\/index.php\/wp-json\/wp\/v2\/media?parent=81837"}],"wp:term":[{"taxonomy":"category","embeddable":true,"href":"https:\/\/nvnoticias.mx\/index.php\/wp-json\/wp\/v2\/categories?post=81837"},{"taxonomy":"post_tag","embeddable":true,"href":"https:\/\/nvnoticias.mx\/index.php\/wp-json\/wp\/v2\/tags?post=81837"}],"curies":[{"name":"wp","href":"https:\/\/api.w.org\/{rel}","templated":true}]}}