{"id":81834,"date":"2022-11-08T16:32:19","date_gmt":"2022-11-08T22:32:19","guid":{"rendered":"https:\/\/nvnoticias.mx\/?p=81834"},"modified":"2022-11-08T16:32:20","modified_gmt":"2022-11-08T22:32:20","slug":"shakira-llega-a-un-acuerdo-con-pique-y-se-llevara-a-sus-hijos-a-miami","status":"publish","type":"post","link":"https:\/\/nvnoticias.mx\/index.php\/2022\/11\/08\/shakira-llega-a-un-acuerdo-con-pique-y-se-llevara-a-sus-hijos-a-miami\/","title":{"rendered":"Shakira llega a un acuerdo con Piqu\u00e9 y se llevar\u00e1 a sus hijos a Miami"},"content":{"rendered":"\n<p>Shakira y Piqu\u00e9 anunciaron su separaci\u00f3n hace casi 5 meses, luego de 8 a\u00f1os de relaci\u00f3n y dos hijos. Tras el anuncio, Shakira, Piqu\u00e9, Mil\u00e1n y Sasha han sido perseguidos en Espa\u00f1a por los medios de comunicaci\u00f3n\u00a0y paparazzis que a toda costa buscaban obtener una fotograf\u00eda de los famosos respecto a su separaci\u00f3n. <\/p>\n\n\n\n<p>Ahora se dio la noticia de que presuntamente la colombiana se qued\u00f3 con la custodia de sus hijos y que podr\u00e1 mudarse con ellos a Miami. <\/p>\n\n\n\n<p>Por este motivo, Shakira hab\u00eda buscado llegar a un acuerdo con su ex pareja sobre la custodia de los ni\u00f1os, ya que su objetivo era salir de Espa\u00f1a, lugar de residencia desde hace varios a\u00f1os, para as\u00ed alejar a sus hijos de la presi\u00f3n de los medios a la que est\u00e1n sometidos. Tras varias negociaciones Shakira y Piqu\u00e9 llegaron a un acuerdo, seg\u00fan reportaron medios espa\u00f1oles. <\/p>\n\n\n\n<p>La noche del lunes 7 de noviembre se dio a conocer que la ex pareja hab\u00eda llegado a un acuerdo en el que la colombiana se queda con la custodia de los ni\u00f1os, seg\u00fan informaci\u00f3n revelada por el peri\u00f3dico espa\u00f1ol EL PA\u00cdS. <\/p>\n\n\n\n<p>Entre los detalles del acuerdo se sabe que una vez que pase la temporada navide\u00f1a y empiece el 2023, Shakira har\u00e1 maletas y se ir\u00e1 a vivir a Miami de forma definitiva junto con Milan y Sasha.\u00a0 <\/p>\n\n\n\n<p>Seg\u00fan revel\u00f3 EL PA\u00cdS, la negociaci\u00f3n dur\u00f3 m\u00e1s de 13 horas y fue la madrugada de este martes que la pareja logr\u00f3 un acuerdo. Tambi\u00e9n se sabe que Piqu\u00e9 podr\u00e1 viajar a Miami las veces que quiera para ver a sus hijos y todos los gastos correr\u00edan por cuenta de ambos padres. <\/p>\n\n\n\n<p>Adem\u00e1s, seg\u00fan informaci\u00f3n revelada por el diario espa\u00f1ol La Vanguardia, Milan y Sasha ya tendr\u00edan colegio en su nueva casa en Miami por lo que comenzar\u00e1n el siguiente trimestre escolar en el colegio que la misma Shakira les ha buscado en Estados Unidos. <\/p>\n\n\n\n<p>Fuente: <a href=\"https:\/\/www.milenio.com\/espectaculos\/famosos\/shakira-se-mudara-a-miami-con-hijo-despues-navidad-logra-acuerdo-pique\">Milenio<\/a><\/p>\n","protected":false},"excerpt":{"rendered":"<p>Shakira y Piqu\u00e9 anunciaron su separaci\u00f3n hace casi 5 meses, luego de 8 a\u00f1os de relaci\u00f3n y dos hijos. Tras el anuncio, Shakira, Piqu\u00e9, Mil\u00e1n y Sasha han sido perseguidos en Espa\u00f1a por los medios de comunicaci\u00f3n\u00a0y paparazzis que a toda costa buscaban obtener una fotograf\u00eda de los famosos respecto a su separaci\u00f3n. Ahora se [&hellip;]<\/p>\n","protected":false},"author":8,"featured_media":81835,"comment_status":"open","ping_status":"open","sticky":false,"template":"","format":"standard","meta":{"_monsterinsights_skip_tracking":false,"_monsterinsights_sitenote_active":false,"_monsterinsights_sitenote_note":"","_monsterinsights_sitenote_category":0,"footnotes":""},"categories":[576],"tags":[7171,13601,15601],"class_list":["post-81834","post","type-post","status-publish","format-standard","has-post-thumbnail","hentry","category-ocio","tag-custodia","tag-pique","tag-shakira","wp-image-borders"],"amp_enabled":true,"_links":{"self":[{"href":"https:\/\/nvnoticias.mx\/index.php\/wp-json\/wp\/v2\/posts\/81834","targetHints":{"allow":["GET"]}}],"collection":[{"href":"https:\/\/nvnoticias.mx\/index.php\/wp-json\/wp\/v2\/posts"}],"about":[{"href":"https:\/\/nvnoticias.mx\/index.php\/wp-json\/wp\/v2\/types\/post"}],"author":[{"embeddable":true,"href":"https:\/\/nvnoticias.mx\/index.php\/wp-json\/wp\/v2\/users\/8"}],"replies":[{"embeddable":true,"href":"https:\/\/nvnoticias.mx\/index.php\/wp-json\/wp\/v2\/comments?post=81834"}],"version-history":[{"count":1,"href":"https:\/\/nvnoticias.mx\/index.php\/wp-json\/wp\/v2\/posts\/81834\/revisions"}],"predecessor-version":[{"id":81836,"href":"https:\/\/nvnoticias.mx\/index.php\/wp-json\/wp\/v2\/posts\/81834\/revisions\/81836"}],"wp:featuredmedia":[{"embeddable":true,"href":"https:\/\/nvnoticias.mx\/index.php\/wp-json\/wp\/v2\/media\/81835"}],"wp:attachment":[{"href":"https:\/\/nvnoticias.mx\/index.php\/wp-json\/wp\/v2\/media?parent=81834"}],"wp:term":[{"taxonomy":"category","embeddable":true,"href":"https:\/\/nvnoticias.mx\/index.php\/wp-json\/wp\/v2\/categories?post=81834"},{"taxonomy":"post_tag","embeddable":true,"href":"https:\/\/nvnoticias.mx\/index.php\/wp-json\/wp\/v2\/tags?post=81834"}],"curies":[{"name":"wp","href":"https:\/\/api.w.org\/{rel}","templated":true}]}}