{"id":81824,"date":"2022-11-08T16:11:38","date_gmt":"2022-11-08T22:11:38","guid":{"rendered":"https:\/\/nvnoticias.mx\/?p=81824"},"modified":"2022-11-08T16:11:39","modified_gmt":"2022-11-08T22:11:39","slug":"clericus-cup-la-copa-del-mundo-del-vaticano","status":"publish","type":"post","link":"https:\/\/nvnoticias.mx\/index.php\/2022\/11\/08\/clericus-cup-la-copa-del-mundo-del-vaticano\/","title":{"rendered":"Clericus Cup, la Copa del Mundo del Vaticano"},"content":{"rendered":"\n<p>Nos separan 11 d\u00edas para que d\u00e9 inicio la Copa del Mundo Qatar 2022 y conforme se agotan los d\u00edas, brotan un sin n\u00famero de curiosidades del Mundial, de los jugadores, de las selecciones participantes y las que no estar\u00e1n en la ahora justa invernal. <\/p>\n\n\n\n<p>Una de las curiosidades es la que rodea al Vaticano. S\u00ed, el pa\u00eds que tiene una superficie territorial de medio kil\u00f3metro y donde habitan 900 residentes fijos, que adem\u00e1s es la sede de la iglesia cat\u00f3lica, pues es el lugar de residencia del Papa, tiene una larga tradici\u00f3n futbolera.<\/p>\n\n\n\n<p>En el Vaticano no solo respira la religi\u00f3n, sino tambi\u00e9n el futbol, pues a pesar de no formar parte de la FIFA, existen ocho clubes amateurs, una selecci\u00f3n masculina, una femenina, as\u00ed como tres torneos anuales, incluso cuentan con su propia Copa del Mundo, la cual lleva por nombre Clericus Cup, la cual se celebra una vez al a\u00f1o. <\/p>\n\n\n\n<figure class=\"wp-block-embed aligncenter is-type-rich is-provider-twitter wp-block-embed-twitter\"><div class=\"wp-block-embed__wrapper\">\n<blockquote class=\"twitter-tweet\" data-width=\"550\" data-dnt=\"true\"><p lang=\"es\" dir=\"ltr\">El <a href=\"https:\/\/twitter.com\/hashtag\/PapaFrancisco?src=hash&amp;ref_src=twsrc%5Etfw\">#PapaFrancisco<\/a> saluda a los participantes en la <a href=\"https:\/\/twitter.com\/hashtag\/ClericusCup?src=hash&amp;ref_src=twsrc%5Etfw\">#ClericusCup<\/a>, el Mundial de <a href=\"https:\/\/twitter.com\/hashtag\/futbol?src=hash&amp;ref_src=twsrc%5Etfw\">#futbol<\/a> Eclesi\u00e1stico del <a href=\"https:\/\/twitter.com\/hashtag\/Vaticano?src=hash&amp;ref_src=twsrc%5Etfw\">#Vaticano<\/a> <a href=\"https:\/\/twitter.com\/hashtag\/Catequesis?src=hash&amp;ref_src=twsrc%5Etfw\">#Catequesis<\/a> <a href=\"https:\/\/twitter.com\/hashtag\/AudienciaGeneral?src=hash&amp;ref_src=twsrc%5Etfw\">#AudienciaGeneral<\/a> <a href=\"https:\/\/t.co\/z784IEgvAZ\">pic.twitter.com\/z784IEgvAZ<\/a><\/p>&mdash; Vatican News (@vaticannews_es) <a href=\"https:\/\/twitter.com\/vaticannews_es\/status\/1133690653156814848?ref_src=twsrc%5Etfw\">May 29, 2019<\/a><\/blockquote><script async src=\"https:\/\/platform.twitter.com\/widgets.js\" charset=\"utf-8\"><\/script>\n<\/div><\/figure>\n\n\n\n<p>Los primeros registros de un partido de futbol en la Santa Sede nos remontan al 7 de enero de 1521. Se realiz\u00f3 un duelo, el cual fue observado por el Papa Le\u00f3n X. <\/p>\n\n\n\n<p>Tras la Segunda Guerra Mundial, se llev\u00f3 a cabo el primer torneo en el Vaticano. Los equipos participantes fueron formados por trabajadores de la iglesia. Este certamen culmin\u00f3 sin un campe\u00f3n debido a una trifulca entre jugadores y los asistentes. <\/p>\n\n\n\n<p>Veinte a\u00f1os despu\u00e9s de este cuadrangular, a mediados de los a\u00f1os 60 se fund\u00f3 el primer equipo, el cual fue conformado por los trabajadores de los museos, y para 1972 se instaur\u00f3 la liga del Vaticano en la que se registraron siete clubes. En ese mismo a\u00f1o se cre\u00f3 la Federaci\u00f3n Vaticana de Futbol. <\/p>\n\n\n\n<p>El primer equipo en conquistar la Liga del Vaticano fue el constituido por los jugadores del observatorio romano, que es el medio de comunicaci\u00f3n oficial del Vaticano. <\/p>\n\n\n\n<p>La selecci\u00f3n varonil del Vaticano tuvo como entrenador a Giovanni Trapattoni, uno de los timoneles m\u00e1s exitosos del futbol italiano al ganar siete Serie A (seis con la Juventus y una con el Inter de Mil\u00e1n, dos Copa Italia (Juventus), as\u00ed como una Bundesliga y una Copa de Alemania con el Bayern Munich, as\u00ed como tres Copas de la UEFA (dos con la Juventus y una con el Inter de Mil\u00e1n), etc, debido a que el estratega es un hombre muy apegado a la religi\u00f3n. El primer partido internacional de este combinado, donde los futbolistas no comparten la misma nacionalidad fue ante San Marino B en 1994, el resultado fue un empate sin goles. <\/p>\n\n\n\n<p>A partir del 2007 en el Vaticano cada a\u00f1o se juega la Clericus Cup, torneo en el que participan 16 equipos de los seminarios y colegios eclesi\u00e1sticos. Por temas de covid no se pudo realizar las \u00faltimas ediciones de este certamen y el \u00faltimo club en levantar el trofeo fueron los seminaristas africanos del Pontificio Colegio Urbano de la Propaganda Fide, mejor conocidos como los Leones de \u00c1frica, quienes poseen cuatro Clericus Cup <\/p>\n\n\n\n<p>Los ocho equipos que conforman la Liga del Vaticano son: Museos Vaticanos, Guardia Suiza, DirTel Team (Telecomunicaciones Vaticanas), Universidad Pontificia Lateranense,\u00a0Archivo Secreto, Dirseco, Fortitudo 2007 y Rappresentativa OPBG (del Hospital Pedi\u00e1trico Bambino Ges\u00fa).<\/p>\n\n\n\n<p>Fuente: <a href=\"https:\/\/www.milenio.com\/deportes\/futbol-internacional\/clericus-cup-la-copa-del-mundo-del-vaticano\">Milenio<\/a><\/p>\n","protected":false},"excerpt":{"rendered":"<p>Nos separan 11 d\u00edas para que d\u00e9 inicio la Copa del Mundo Qatar 2022 y conforme se agotan los d\u00edas, brotan un sin n\u00famero de curiosidades del Mundial, de los jugadores, de las selecciones participantes y las que no estar\u00e1n en la ahora justa invernal. Una de las curiosidades es la que rodea al Vaticano. [&hellip;]<\/p>\n","protected":false},"author":8,"featured_media":81825,"comment_status":"open","ping_status":"open","sticky":false,"template":"","format":"standard","meta":{"_monsterinsights_skip_tracking":false,"_monsterinsights_sitenote_active":false,"_monsterinsights_sitenote_note":"","_monsterinsights_sitenote_category":0,"footnotes":""},"categories":[159],"tags":[20909,4799],"class_list":["post-81824","post","type-post","status-publish","format-standard","has-post-thumbnail","hentry","category-deportes","tag-clericus-cup","tag-vaticano","wp-image-borders"],"amp_enabled":true,"_links":{"self":[{"href":"https:\/\/nvnoticias.mx\/index.php\/wp-json\/wp\/v2\/posts\/81824","targetHints":{"allow":["GET"]}}],"collection":[{"href":"https:\/\/nvnoticias.mx\/index.php\/wp-json\/wp\/v2\/posts"}],"about":[{"href":"https:\/\/nvnoticias.mx\/index.php\/wp-json\/wp\/v2\/types\/post"}],"author":[{"embeddable":true,"href":"https:\/\/nvnoticias.mx\/index.php\/wp-json\/wp\/v2\/users\/8"}],"replies":[{"embeddable":true,"href":"https:\/\/nvnoticias.mx\/index.php\/wp-json\/wp\/v2\/comments?post=81824"}],"version-history":[{"count":1,"href":"https:\/\/nvnoticias.mx\/index.php\/wp-json\/wp\/v2\/posts\/81824\/revisions"}],"predecessor-version":[{"id":81826,"href":"https:\/\/nvnoticias.mx\/index.php\/wp-json\/wp\/v2\/posts\/81824\/revisions\/81826"}],"wp:featuredmedia":[{"embeddable":true,"href":"https:\/\/nvnoticias.mx\/index.php\/wp-json\/wp\/v2\/media\/81825"}],"wp:attachment":[{"href":"https:\/\/nvnoticias.mx\/index.php\/wp-json\/wp\/v2\/media?parent=81824"}],"wp:term":[{"taxonomy":"category","embeddable":true,"href":"https:\/\/nvnoticias.mx\/index.php\/wp-json\/wp\/v2\/categories?post=81824"},{"taxonomy":"post_tag","embeddable":true,"href":"https:\/\/nvnoticias.mx\/index.php\/wp-json\/wp\/v2\/tags?post=81824"}],"curies":[{"name":"wp","href":"https:\/\/api.w.org\/{rel}","templated":true}]}}