{"id":81733,"date":"2022-11-08T10:33:49","date_gmt":"2022-11-08T16:33:49","guid":{"rendered":"https:\/\/nvnoticias.mx\/?p=81733"},"modified":"2022-11-08T10:34:25","modified_gmt":"2022-11-08T16:34:25","slug":"llevara-sheinbaum-ante-fgr-al-fiscal-de-morelos-por-caso-ariadna-fernanda","status":"publish","type":"post","link":"https:\/\/nvnoticias.mx\/index.php\/2022\/11\/08\/llevara-sheinbaum-ante-fgr-al-fiscal-de-morelos-por-caso-ariadna-fernanda\/","title":{"rendered":"Llevar\u00e1 Sheinbaum ante FGR al fiscal de Morelos por caso Ariadna Fernanda"},"content":{"rendered":"\n<p>La jefa de Gobierno de Ciudad de M\u00e9xico, Claudia Sheinbaum, acus\u00f3 a la fiscal\u00eda de Morelos de encubrir el feminicidio de Ariadna Fernanda \u2014cuyo cuerpo fue hallado en Tepoztl\u00e1n\u2014 por supuestos nexos con el presunto feminicida. <\/p>\n\n\n\n<blockquote class=\"wp-block-quote is-layout-flow wp-block-quote-is-layout-flow\"><p>\u201cHe solicitado a la Fiscal\u00eda General de Justicia de Ciudad de M\u00e9xico que d\u00e9 vista de este caso de encubrimiento del fiscal general de Justicia del Estado de Morelos a la Fiscal\u00eda General de la Rep\u00fablica (FGR), porque queremos que nunca m\u00e1s se culpe a una mujer, se le victimice, menosprecie y se encubra un feminicidio. Como lo he dicho siempre, en nuestro caso siempre vamos a estar del lado de las v\u00edctimas y de la justicia\u201d, se\u00f1al\u00f3 en conferencia de prensa.<\/p><\/blockquote>\n\n\n\n<p>Present\u00f3 videos de la \u00faltima noche de Ariadna con vida en el restaurante, la llegada al departamento del presunto feminicida Rautel \u201cN\u201d\u00a0y, posteriormente, del mismo sujeto cargando su cad\u00e1ver en el estacionamiento.<\/p>\n\n\n\n<blockquote class=\"wp-block-quote is-layout-flow wp-block-quote-is-layout-flow\"><p> \u201cElla ya sin vida es subida a un veh\u00edculo por esta persona que se entrega el d\u00eda de hoy (ayer en Monterrey) y se lleva este cuerpo de Ariadna ya sin vida a Morelos, presuntamente por una relaci\u00f3n de este personaje con la Fiscal\u00eda General de Justicia del Estado de Morelos\u201d, dijo. <\/p><\/blockquote>\n\n\n\n<p>Sheinbaum contrast\u00f3 los videos de las declaraciones del fiscal de Morelos, Uriel Carmona, quien asegur\u00f3 que la joven muri\u00f3 por broncoaspiraci\u00f3n por una congesti\u00f3n alcoh\u00f3lica y neg\u00f3 golpes, frente a la fiscal capitalina, Ernestina Godoy, quien inform\u00f3 que diversos traumatismos le provocaron la muerte. <\/p>\n\n\n\n<p>Fuente:<a href=\"https:\/\/www.milenio.com\/policia\/sheinbaum-llevara-ante-fgr-al-fiscal-de-morelos\" data-type=\"URL\" data-id=\"https:\/\/www.milenio.com\/policia\/sheinbaum-llevara-ante-fgr-al-fiscal-de-morelos\"> Milenio<\/a><\/p>\n","protected":false},"excerpt":{"rendered":"<p>La jefa de Gobierno de Ciudad de M\u00e9xico, Claudia Sheinbaum, acus\u00f3 a la fiscal\u00eda de Morelos de encubrir el feminicidio de Ariadna Fernanda \u2014cuyo cuerpo fue hallado en Tepoztl\u00e1n\u2014 por supuestos nexos con el presunto feminicida. \u201cHe solicitado a la Fiscal\u00eda General de Justicia de Ciudad de M\u00e9xico que d\u00e9 vista de este caso de [&hellip;]<\/p>\n","protected":false},"author":35,"featured_media":46474,"comment_status":"open","ping_status":"open","sticky":false,"template":"","format":"standard","meta":{"_monsterinsights_skip_tracking":false,"_monsterinsights_sitenote_active":false,"_monsterinsights_sitenote_note":"","_monsterinsights_sitenote_category":0,"footnotes":""},"categories":[157],"tags":[20838,2801,226,20885,12824,162],"class_list":["post-81733","post","type-post","status-publish","format-standard","has-post-thumbnail","hentry","category-nacional","tag-ariadna-fernanda","tag-claudia-sheinbaum","tag-fgr","tag-fiscal-de-morelos","tag-llevara","tag-portada","wp-image-borders"],"amp_enabled":true,"_links":{"self":[{"href":"https:\/\/nvnoticias.mx\/index.php\/wp-json\/wp\/v2\/posts\/81733","targetHints":{"allow":["GET"]}}],"collection":[{"href":"https:\/\/nvnoticias.mx\/index.php\/wp-json\/wp\/v2\/posts"}],"about":[{"href":"https:\/\/nvnoticias.mx\/index.php\/wp-json\/wp\/v2\/types\/post"}],"author":[{"embeddable":true,"href":"https:\/\/nvnoticias.mx\/index.php\/wp-json\/wp\/v2\/users\/35"}],"replies":[{"embeddable":true,"href":"https:\/\/nvnoticias.mx\/index.php\/wp-json\/wp\/v2\/comments?post=81733"}],"version-history":[{"count":1,"href":"https:\/\/nvnoticias.mx\/index.php\/wp-json\/wp\/v2\/posts\/81733\/revisions"}],"predecessor-version":[{"id":81734,"href":"https:\/\/nvnoticias.mx\/index.php\/wp-json\/wp\/v2\/posts\/81733\/revisions\/81734"}],"wp:featuredmedia":[{"embeddable":true,"href":"https:\/\/nvnoticias.mx\/index.php\/wp-json\/wp\/v2\/media\/46474"}],"wp:attachment":[{"href":"https:\/\/nvnoticias.mx\/index.php\/wp-json\/wp\/v2\/media?parent=81733"}],"wp:term":[{"taxonomy":"category","embeddable":true,"href":"https:\/\/nvnoticias.mx\/index.php\/wp-json\/wp\/v2\/categories?post=81733"},{"taxonomy":"post_tag","embeddable":true,"href":"https:\/\/nvnoticias.mx\/index.php\/wp-json\/wp\/v2\/tags?post=81733"}],"curies":[{"name":"wp","href":"https:\/\/api.w.org\/{rel}","templated":true}]}}