{"id":81640,"date":"2022-11-07T14:12:29","date_gmt":"2022-11-07T20:12:29","guid":{"rendered":"https:\/\/nvnoticias.mx\/?p=81640"},"modified":"2022-11-07T14:12:30","modified_gmt":"2022-11-07T20:12:30","slug":"la-marcha-del-domingo-no-lo-tiene-muy-contento-calderon","status":"publish","type":"post","link":"https:\/\/nvnoticias.mx\/index.php\/2022\/11\/07\/la-marcha-del-domingo-no-lo-tiene-muy-contento-calderon\/","title":{"rendered":"La marcha del domingo no lo tiene muy contento: Calder\u00f3n"},"content":{"rendered":"\n<p>Sin identificar destinatario, el expresidente<strong>&nbsp;Felipe Calder\u00f3n<\/strong>, asegur\u00f3 que la marcha del domingo en defensa del INE, y que se est\u00e1 convocando en distintas ciudades del pa\u00eds, lo tienen &#8220;muy enojado&#8221;.<\/p>\n\n\n\n<p>En un mensaje a trav\u00e9s de su cuenta de Twitter, Felipe Calder\u00f3n dijo que la marcha del domingo no lo tiene muy contento.<\/p>\n\n\n\n<blockquote class=\"wp-block-quote is-layout-flow wp-block-quote-is-layout-flow\"><p>\u201cEst\u00e1 muy enojado\u2026 se ve que la marcha del domingo no lo tiene nada contento\u201d, poste\u00f3 el expanista.<\/p><\/blockquote>\n\n\n\n<p>Este domingo 13 de noviembre se llevar\u00e1n a cabo diversas marchas en las principales ciudades del pa\u00eds antes del mediod\u00eda a la que est\u00e1n convocando distintas\u00a0<strong>organizaciones para defender al INE<\/strong>\u00a0y expresar su rechazo a la\u00a0<strong>reforma electoral<\/strong>\u00a0del presidente,\u00a0<strong>Andr\u00e9s Manuel L\u00f3pez Obrador.<\/strong><\/p>\n\n\n\n<p>Antes, en otro mensaje, Calder\u00f3n Hinojosa inform\u00f3 que estaba llegando a la ciudad de El Cairo, en Egipto, donde participar\u00e1 en la COP27 sobre cambio clim\u00e1tico.<\/p>\n\n\n\n<p>Explic\u00f3 que fue un largo viaje, pero hay pocas expectativas de avances en este encuentro mundial, pues muchos pa\u00edses est\u00e1n en franco retroceso, incluyendo, por desgracia, M\u00e9xico.<\/p>\n\n\n\n<p>Fuente: <a href=\"https:\/\/www.eluniversal.com.mx\/nacion\/esta-muy-enojado-la-marcha-del-domingo-no-lo-tiene-muy-contento-calderon\" data-type=\"URL\" data-id=\"https:\/\/www.eluniversal.com.mx\/nacion\/esta-muy-enojado-la-marcha-del-domingo-no-lo-tiene-muy-contento-calderon\">El Universal<\/a><\/p>\n","protected":false},"excerpt":{"rendered":"<p>Sin identificar destinatario, el expresidente&nbsp;Felipe Calder\u00f3n, asegur\u00f3 que la marcha del domingo en defensa del INE, y que se est\u00e1 convocando en distintas ciudades del pa\u00eds, lo tienen &#8220;muy enojado&#8221;. En un mensaje a trav\u00e9s de su cuenta de Twitter, Felipe Calder\u00f3n dijo que la marcha del domingo no lo tiene muy contento. \u201cEst\u00e1 muy [&hellip;]<\/p>\n","protected":false},"author":35,"featured_media":14962,"comment_status":"open","ping_status":"open","sticky":false,"template":"","format":"standard","meta":{"_monsterinsights_skip_tracking":false,"_monsterinsights_sitenote_active":false,"_monsterinsights_sitenote_note":"","_monsterinsights_sitenote_category":0,"footnotes":""},"categories":[158],"tags":[20865,4489,13543,20864],"class_list":["post-81640","post","type-post","status-publish","format-standard","has-post-thumbnail","hentry","category-politica","tag-contento","tag-domingo","tag-felipe-calderon","tag-la-marcha","wp-image-borders"],"amp_enabled":true,"_links":{"self":[{"href":"https:\/\/nvnoticias.mx\/index.php\/wp-json\/wp\/v2\/posts\/81640","targetHints":{"allow":["GET"]}}],"collection":[{"href":"https:\/\/nvnoticias.mx\/index.php\/wp-json\/wp\/v2\/posts"}],"about":[{"href":"https:\/\/nvnoticias.mx\/index.php\/wp-json\/wp\/v2\/types\/post"}],"author":[{"embeddable":true,"href":"https:\/\/nvnoticias.mx\/index.php\/wp-json\/wp\/v2\/users\/35"}],"replies":[{"embeddable":true,"href":"https:\/\/nvnoticias.mx\/index.php\/wp-json\/wp\/v2\/comments?post=81640"}],"version-history":[{"count":1,"href":"https:\/\/nvnoticias.mx\/index.php\/wp-json\/wp\/v2\/posts\/81640\/revisions"}],"predecessor-version":[{"id":81641,"href":"https:\/\/nvnoticias.mx\/index.php\/wp-json\/wp\/v2\/posts\/81640\/revisions\/81641"}],"wp:featuredmedia":[{"embeddable":true,"href":"https:\/\/nvnoticias.mx\/index.php\/wp-json\/wp\/v2\/media\/14962"}],"wp:attachment":[{"href":"https:\/\/nvnoticias.mx\/index.php\/wp-json\/wp\/v2\/media?parent=81640"}],"wp:term":[{"taxonomy":"category","embeddable":true,"href":"https:\/\/nvnoticias.mx\/index.php\/wp-json\/wp\/v2\/categories?post=81640"},{"taxonomy":"post_tag","embeddable":true,"href":"https:\/\/nvnoticias.mx\/index.php\/wp-json\/wp\/v2\/tags?post=81640"}],"curies":[{"name":"wp","href":"https:\/\/api.w.org\/{rel}","templated":true}]}}