{"id":81563,"date":"2022-11-07T09:09:40","date_gmt":"2022-11-07T15:09:40","guid":{"rendered":"https:\/\/nvnoticias.mx\/?p=81563"},"modified":"2022-11-07T09:09:40","modified_gmt":"2022-11-07T15:09:40","slug":"convoca-pan-a-marcha-pro-ine-este-13-de-noviembre","status":"publish","type":"post","link":"https:\/\/nvnoticias.mx\/index.php\/2022\/11\/07\/convoca-pan-a-marcha-pro-ine-este-13-de-noviembre\/","title":{"rendered":"Convoca PAN a marcha pro-INE este 13 de noviembre"},"content":{"rendered":"\n<p>Sociedad civil, iniciativa privada, estudiantes, amas de casa y trabajadores deben defender al Instituto Nacional Electoral (INE) de la aspiraci\u00f3n del presidente Andr\u00e9s Manuel L\u00f3pez Obrador de controlar al \u00e1rbitro electoral para \u201cperpetuarse en el poder\u201d, hizo un llamado el l\u00edder nacional del PAN, Marko Cort\u00e9s.<\/p>\n\n\n\n<p>Exhort\u00f3 a la ciudadan\u00eda a participar en la marcha del domingo 13 de noviembre, del \u00c1ngel de la Independencia rumbo al Hemiciclo a Ju\u00e1rez. Cort\u00e9s dio a conocer que en su 25\u00aa Asamblea Nacional Ordinaria, a realizarse el pr\u00f3ximo fin de semana, los panistas cerrar\u00e1n filas en defensa de la libertad, la democracia, el INE y los tribunales electorales.<\/p>\n\n\n\n<blockquote class=\"wp-block-quote is-layout-flow wp-block-quote-is-layout-flow\"><p>\u201cEl gobierno y Morena est\u00e1n subestimando a la sociedad, la fuerza que tenemos como naci\u00f3n; quieren acabar con todo lo que logramos con luchas de muchos a\u00f1os: elecciones libres, con un \u00e1rbitro electoral confiable y sobre todo el voto libre y secreto. La aspiraci\u00f3n del presidente es perpetuarse en el poder\u201d, advirti\u00f3.<\/p><\/blockquote>\n\n\n\n<p>Fuente: <a href=\"https:\/\/www.elfinanciero.com.mx\/nacional\/2022\/11\/07\/convoca-pan-a-unirse-a-la-marcha-pro-ine\/\" data-type=\"URL\" data-id=\"https:\/\/www.elfinanciero.com.mx\/nacional\/2022\/11\/07\/convoca-pan-a-unirse-a-la-marcha-pro-ine\/\">El Financiero<\/a><\/p>\n","protected":false},"excerpt":{"rendered":"<p>Sociedad civil, iniciativa privada, estudiantes, amas de casa y trabajadores deben defender al Instituto Nacional Electoral (INE) de la aspiraci\u00f3n del presidente Andr\u00e9s Manuel L\u00f3pez Obrador de controlar al \u00e1rbitro electoral para \u201cperpetuarse en el poder\u201d, hizo un llamado el l\u00edder nacional del PAN, Marko Cort\u00e9s. Exhort\u00f3 a la ciudadan\u00eda a participar en la marcha [&hellip;]<\/p>\n","protected":false},"author":35,"featured_media":6103,"comment_status":"open","ping_status":"open","sticky":false,"template":"","format":"standard","meta":{"_monsterinsights_skip_tracking":false,"_monsterinsights_sitenote_active":false,"_monsterinsights_sitenote_note":"","_monsterinsights_sitenote_category":0,"footnotes":""},"categories":[158],"tags":[443,1507,597,284,20846],"class_list":["post-81563","post","type-post","status-publish","format-standard","has-post-thumbnail","hentry","category-politica","tag-ine","tag-marcha","tag-marko-cortes","tag-pan","tag-pro-ine","wp-image-borders"],"amp_enabled":true,"_links":{"self":[{"href":"https:\/\/nvnoticias.mx\/index.php\/wp-json\/wp\/v2\/posts\/81563","targetHints":{"allow":["GET"]}}],"collection":[{"href":"https:\/\/nvnoticias.mx\/index.php\/wp-json\/wp\/v2\/posts"}],"about":[{"href":"https:\/\/nvnoticias.mx\/index.php\/wp-json\/wp\/v2\/types\/post"}],"author":[{"embeddable":true,"href":"https:\/\/nvnoticias.mx\/index.php\/wp-json\/wp\/v2\/users\/35"}],"replies":[{"embeddable":true,"href":"https:\/\/nvnoticias.mx\/index.php\/wp-json\/wp\/v2\/comments?post=81563"}],"version-history":[{"count":1,"href":"https:\/\/nvnoticias.mx\/index.php\/wp-json\/wp\/v2\/posts\/81563\/revisions"}],"predecessor-version":[{"id":81564,"href":"https:\/\/nvnoticias.mx\/index.php\/wp-json\/wp\/v2\/posts\/81563\/revisions\/81564"}],"wp:featuredmedia":[{"embeddable":true,"href":"https:\/\/nvnoticias.mx\/index.php\/wp-json\/wp\/v2\/media\/6103"}],"wp:attachment":[{"href":"https:\/\/nvnoticias.mx\/index.php\/wp-json\/wp\/v2\/media?parent=81563"}],"wp:term":[{"taxonomy":"category","embeddable":true,"href":"https:\/\/nvnoticias.mx\/index.php\/wp-json\/wp\/v2\/categories?post=81563"},{"taxonomy":"post_tag","embeddable":true,"href":"https:\/\/nvnoticias.mx\/index.php\/wp-json\/wp\/v2\/tags?post=81563"}],"curies":[{"name":"wp","href":"https:\/\/api.w.org\/{rel}","templated":true}]}}