{"id":81473,"date":"2022-11-06T10:11:25","date_gmt":"2022-11-06T16:11:25","guid":{"rendered":"https:\/\/nvnoticias.mx\/?p=81473"},"modified":"2022-11-06T10:11:26","modified_gmt":"2022-11-06T16:11:26","slug":"celebra-monreal-que-musk-tome-medidas-contra-fake-news-en-twitter","status":"publish","type":"post","link":"https:\/\/nvnoticias.mx\/index.php\/2022\/11\/06\/celebra-monreal-que-musk-tome-medidas-contra-fake-news-en-twitter\/","title":{"rendered":"Celebra Monreal que Musk tome medidas contra fake news en Twitter"},"content":{"rendered":"\n<p>El senador Ricardo Monreal \u00c1vila expres\u00f3 su aprobaci\u00f3n sobre las medidas que tomar\u00e1 Elon Musk contra las noticias falsas en Twitter.<\/p>\n\n\n\n<p>A trav\u00e9s de la plataforma, el presidente de la Junta de Coordinaci\u00f3n Pol\u00edtica (Jucopo) vaticin\u00f3 que el nuevo due\u00f1o de la red social revisar\u00e1 la &#8220;compra de bots y campa\u00f1as de desprestigio&#8221;.<\/p>\n\n\n\n<p>Tambi\u00e9n se revictimiz\u00f3 y se\u00f1al\u00f3 que m\u00e1s de 100 mil cuentas lo atacan, de acuerdo con el estudio forense digital, adem\u00e1s de que asegur\u00f3 que seguir\u00e1 denunciando.<\/p>\n\n\n\n<blockquote class=\"wp-block-quote is-layout-flow wp-block-quote-is-layout-flow\"><p>&#8220;Gran noticia que @elonmusk, due\u00f1o de Twitter tome medidas contra noticias falsas. Seguro revisar\u00e1 compra de bots y campa\u00f1as de desprestigio. Yo soy s\u00f3lo una de las v\u00edctimas: de manera sistem\u00e1tica m\u00e1s de 100 mil cuentas me atacan, seg\u00fan estudio forense digital. Seguir\u00e9 denunciando&#8221;.<\/p><\/blockquote>\n\n\n\n<p>La semana pasada, el ingeniero sudafricano, jefe de Tesla y fundador de SpaceX, adquiri\u00f3\u00a0Twitter\u00a0por 44 mil millones de d\u00f3lares.<\/p>\n\n\n\n<p>Con la adquisici\u00f3n llegaron grandes cambios a la empresa, como el despido de\u00a07 mil 500 empleados en todo el mundo.\u00a0<\/p>\n\n\n\n<p>Fuente: <a href=\"https:\/\/www.eluniversal.com.mx\/nacion\/twitter-monreal-celebra-que-elon-musk-tome-medidas-contra-noticias-falsas\">El Universal<\/a><\/p>\n","protected":false},"excerpt":{"rendered":"<p>El senador Ricardo Monreal \u00c1vila expres\u00f3 su aprobaci\u00f3n sobre las medidas que tomar\u00e1 Elon Musk contra las noticias falsas en Twitter. A trav\u00e9s de la plataforma, el presidente de la Junta de Coordinaci\u00f3n Pol\u00edtica (Jucopo) vaticin\u00f3 que el nuevo due\u00f1o de la red social revisar\u00e1 la &#8220;compra de bots y campa\u00f1as de desprestigio&#8221;. Tambi\u00e9n se [&hellip;]<\/p>\n","protected":false},"author":6,"featured_media":20552,"comment_status":"open","ping_status":"open","sticky":false,"template":"","format":"standard","meta":{"_monsterinsights_skip_tracking":false,"_monsterinsights_sitenote_active":false,"_monsterinsights_sitenote_note":"","_monsterinsights_sitenote_category":0,"footnotes":""},"categories":[158],"tags":[281,8874,231],"class_list":["post-81473","post","type-post","status-publish","format-standard","has-post-thumbnail","hentry","category-politica","tag-elon-musk","tag-monreal","tag-twitter","wp-image-borders"],"amp_enabled":true,"_links":{"self":[{"href":"https:\/\/nvnoticias.mx\/index.php\/wp-json\/wp\/v2\/posts\/81473","targetHints":{"allow":["GET"]}}],"collection":[{"href":"https:\/\/nvnoticias.mx\/index.php\/wp-json\/wp\/v2\/posts"}],"about":[{"href":"https:\/\/nvnoticias.mx\/index.php\/wp-json\/wp\/v2\/types\/post"}],"author":[{"embeddable":true,"href":"https:\/\/nvnoticias.mx\/index.php\/wp-json\/wp\/v2\/users\/6"}],"replies":[{"embeddable":true,"href":"https:\/\/nvnoticias.mx\/index.php\/wp-json\/wp\/v2\/comments?post=81473"}],"version-history":[{"count":1,"href":"https:\/\/nvnoticias.mx\/index.php\/wp-json\/wp\/v2\/posts\/81473\/revisions"}],"predecessor-version":[{"id":81474,"href":"https:\/\/nvnoticias.mx\/index.php\/wp-json\/wp\/v2\/posts\/81473\/revisions\/81474"}],"wp:featuredmedia":[{"embeddable":true,"href":"https:\/\/nvnoticias.mx\/index.php\/wp-json\/wp\/v2\/media\/20552"}],"wp:attachment":[{"href":"https:\/\/nvnoticias.mx\/index.php\/wp-json\/wp\/v2\/media?parent=81473"}],"wp:term":[{"taxonomy":"category","embeddable":true,"href":"https:\/\/nvnoticias.mx\/index.php\/wp-json\/wp\/v2\/categories?post=81473"},{"taxonomy":"post_tag","embeddable":true,"href":"https:\/\/nvnoticias.mx\/index.php\/wp-json\/wp\/v2\/tags?post=81473"}],"curies":[{"name":"wp","href":"https:\/\/api.w.org\/{rel}","templated":true}]}}