{"id":81386,"date":"2022-11-05T10:26:31","date_gmt":"2022-11-05T16:26:31","guid":{"rendered":"https:\/\/nvnoticias.mx\/?p=81386"},"modified":"2022-11-05T10:30:54","modified_gmt":"2022-11-05T16:30:54","slug":"fiscalia-de-eu-rechaza-peticion-de-garcia-luna-de-retirar-cargos-por-narcotrafico","status":"publish","type":"post","link":"https:\/\/nvnoticias.mx\/index.php\/2022\/11\/05\/fiscalia-de-eu-rechaza-peticion-de-garcia-luna-de-retirar-cargos-por-narcotrafico\/","title":{"rendered":"Fiscal\u00eda de EU rechaza petici\u00f3n de Garc\u00eda Luna de retirar cargos por narcotr\u00e1fico"},"content":{"rendered":"\n<p>La&nbsp;Fiscal\u00eda de Estados Unidos&nbsp;mostr\u00f3 su rechazo a una solicitud de la defensa del&nbsp;exsecretario de Seguridad P\u00fablica de M\u00e9xico,&nbsp;Genaro Garc\u00eda Luna, que pidi\u00f3 que le sean retirados los&nbsp;cargos de narcotr\u00e1fico&nbsp;por su supuesta colaboraci\u00f3n con el&nbsp;c\u00e1rtel de Sinaloa&nbsp;durante el&nbsp;sexenio de Felipe Calder\u00f3n&nbsp;(2006-2012).<\/p>\n\n\n\n<p>La defensa de Garc\u00eda Luna sostiene que &#8220;incluso si el se\u00f1or Garc\u00eda Luna hubiera participado en una conspiraci\u00f3n con el c\u00e1rtel de Sinaloa entre 2001 y 2012, cosa que no hizo, es evidente que al retirarse de la vida p\u00fablica y salir de M\u00e9xico en 2012, el se\u00f1or Garc\u00eda Luna se retir\u00f3 de cualquier supuesta conspiraci\u00f3n&#8221;.<\/p>\n\n\n\n<p>Por lo que defiende que esos presuntos delitos prescribieron pasados cinco a\u00f1os.<\/p>\n\n\n\n<p>En concreto, Garc\u00eda Luna, que fue detenido en diciembre de 2019 en Dallas, Texas, est\u00e1 imputado de participar en una empresa criminal continua, de conspiraci\u00f3n internacional de distribuci\u00f3n de coca\u00edna, de conspiraci\u00f3n para distribuir y poseer con la intenci\u00f3n de distribuir coca\u00edna, de conspiraci\u00f3n para importar coca\u00edna y de hacer declaraciones falsas.<\/p>\n\n\n\n<p>En un escrito que fue presentado la noche del viernes ante el juez Brian Cogan, la Fiscal\u00eda rechaza el argumento de los abogados de Garc\u00eda Luna y asegura que la acusaci\u00f3n abarca el periodo comprendido entre enero de 2001 y julio de 2020.<\/p>\n\n\n\n<blockquote class=\"wp-block-quote is-layout-flow wp-block-quote-is-layout-flow\"><p>&#8220;<em>El Tribunal debe denegar esta moci\u00f3n<\/em>&#8220;, subraya la Fiscal\u00eda antes de argumentar que <em>&#8220;la conducta del acusado posterior a 2012 demuestra que nunca renunci\u00f3 a los objetivos de la conspiraci\u00f3n<\/em>&#8220;.<\/p><\/blockquote>\n\n\n\n<p>Adem\u00e1s, asegura que deber\u00eda ser un jurado durante el juicio el que determinara la habilidad del Gobierno para demostrar que sus cargos contra Garc\u00eda Luna son apropiados.<\/p>\n\n\n\n<p>Asimismo, la defensa ha pedido al juez que la Fiscal\u00eda redacte con m\u00e1s detalle sus alegatos, algo tambi\u00e9n rechazado por el Gobierno, que considera que ya ha entregado al acusado un &#8220;volumen extraordinaria&#8221; de documentos y que le seguir\u00e1 proporcionando m\u00e1s hasta el comienzo del juicio, previsto en un principio para enero de 2023.<\/p>\n\n\n\n<p>La defensa del antiguo m\u00e1ximo responsable de la Seguridad en M\u00e9xico tiene hasta el pr\u00f3ximo mi\u00e9rcoles para defender nuevamente su postura y, despu\u00e9s, el juez convocar\u00e1 una vista oral para el pr\u00f3ximo 16 o 18 de noviembre. <\/p>\n\n\n\n<p>Fuente: <a href=\"https:\/\/www.eluniversal.com.mx\/nacion\/garcia-luna-fiscalia-de-eu-rechaza-peticion-de-retirar-cargos-por-narcotrafico\">El Universal<\/a><\/p>\n","protected":false},"excerpt":{"rendered":"<p>La&nbsp;Fiscal\u00eda de Estados Unidos&nbsp;mostr\u00f3 su rechazo a una solicitud de la defensa del&nbsp;exsecretario de Seguridad P\u00fablica de M\u00e9xico,&nbsp;Genaro Garc\u00eda Luna, que pidi\u00f3 que le sean retirados los&nbsp;cargos de narcotr\u00e1fico&nbsp;por su supuesta colaboraci\u00f3n con el&nbsp;c\u00e1rtel de Sinaloa&nbsp;durante el&nbsp;sexenio de Felipe Calder\u00f3n&nbsp;(2006-2012). La defensa de Garc\u00eda Luna sostiene que &#8220;incluso si el se\u00f1or Garc\u00eda Luna hubiera participado [&hellip;]<\/p>\n","protected":false},"author":8,"featured_media":81387,"comment_status":"open","ping_status":"open","sticky":false,"template":"","format":"standard","meta":{"_monsterinsights_skip_tracking":false,"_monsterinsights_sitenote_active":false,"_monsterinsights_sitenote_note":"","_monsterinsights_sitenote_category":0,"footnotes":""},"categories":[181],"tags":[20824,4504,1912,162],"class_list":["post-81386","post","type-post","status-publish","format-standard","has-post-thumbnail","hentry","category-internacional","tag-fiscalia-de-eu","tag-genaro-garcia-luna","tag-narcotrafico","tag-portada","wp-image-borders"],"amp_enabled":true,"_links":{"self":[{"href":"https:\/\/nvnoticias.mx\/index.php\/wp-json\/wp\/v2\/posts\/81386","targetHints":{"allow":["GET"]}}],"collection":[{"href":"https:\/\/nvnoticias.mx\/index.php\/wp-json\/wp\/v2\/posts"}],"about":[{"href":"https:\/\/nvnoticias.mx\/index.php\/wp-json\/wp\/v2\/types\/post"}],"author":[{"embeddable":true,"href":"https:\/\/nvnoticias.mx\/index.php\/wp-json\/wp\/v2\/users\/8"}],"replies":[{"embeddable":true,"href":"https:\/\/nvnoticias.mx\/index.php\/wp-json\/wp\/v2\/comments?post=81386"}],"version-history":[{"count":2,"href":"https:\/\/nvnoticias.mx\/index.php\/wp-json\/wp\/v2\/posts\/81386\/revisions"}],"predecessor-version":[{"id":81389,"href":"https:\/\/nvnoticias.mx\/index.php\/wp-json\/wp\/v2\/posts\/81386\/revisions\/81389"}],"wp:featuredmedia":[{"embeddable":true,"href":"https:\/\/nvnoticias.mx\/index.php\/wp-json\/wp\/v2\/media\/81387"}],"wp:attachment":[{"href":"https:\/\/nvnoticias.mx\/index.php\/wp-json\/wp\/v2\/media?parent=81386"}],"wp:term":[{"taxonomy":"category","embeddable":true,"href":"https:\/\/nvnoticias.mx\/index.php\/wp-json\/wp\/v2\/categories?post=81386"},{"taxonomy":"post_tag","embeddable":true,"href":"https:\/\/nvnoticias.mx\/index.php\/wp-json\/wp\/v2\/tags?post=81386"}],"curies":[{"name":"wp","href":"https:\/\/api.w.org\/{rel}","templated":true}]}}