{"id":81192,"date":"2022-11-03T18:04:02","date_gmt":"2022-11-04T00:04:02","guid":{"rendered":"https:\/\/nvnoticias.mx\/?p=81192"},"modified":"2022-11-03T18:04:04","modified_gmt":"2022-11-04T00:04:04","slug":"politica-pedagogica","status":"publish","type":"post","link":"https:\/\/nvnoticias.mx\/index.php\/2022\/11\/03\/politica-pedagogica\/","title":{"rendered":"Pol\u00edtica pedag\u00f3gica"},"content":{"rendered":"\n<p><strong>Juan Jos\u00e9 Rodr\u00edguez Prats<\/strong><\/p>\n\n\n\n<blockquote class=\"wp-block-quote is-layout-flow wp-block-quote-is-layout-flow\"><p><em>El tobog\u00e1n de deterioro que prevalece en la actualidad<\/em> <em>no puede ni debe ser el destino de M\u00e9xico<\/em>.<\/p><cite>Cuauht\u00e9moc C\u00e1rdenas<\/cite><\/blockquote>\n\n\n\n<p>Seamos claros: fracas\u00f3 nuestra transici\u00f3n a la democracia. Atr\u00e1s qued\u00f3 el sistema pol\u00edtico engendrado por la Revoluci\u00f3n Mexicana con su presidencialismo autoritario y su partido hegem\u00f3nico, pero ni remotamente llegamos a constituir un consolidado Estado de derecho con elecciones aut\u00e9nticas que legitimen el origen y el desempe\u00f1o de las autoridades en sus tres \u00f3rdenes de gobierno.<\/p>\n\n\n\n<p>\u00bfD\u00f3nde fallamos? Me parece que en dos cuestiones elementales: una clase pol\u00edtica sin ideas que permitieran el consenso y, desgraciadamente, con poca voluntad y falta de responsabilidad para asumir decisiones, y una ciudadan\u00eda que no se involucr\u00f3 en tareas comunes que a todos nos ata\u00f1en. Culpa de todos.<\/p>\n\n\n\n<p>Tengo la convicci\u00f3n de que el mayor avance de las naciones se alcanza con una democracia deliberativa. Deliberar implica sacudirse encajonamientos ideol\u00f3gicos, superar la cultura maniquea, abrir la posibilidad del acuerdo. En derecho se habla del \u201cbeneficio de inventario\u201d. Esto es, hacer un balance objetivo de lo que se recibe para definir los cambios que se deben hacer. Seg\u00fan el escritor Martin Amis, en una revoluci\u00f3n, en un sentido amplio, haces tres cosas: \u201cVes lo que desaparece, ves lo que llega y ves lo que permanece\u201d.<\/p>\n\n\n\n<p>La democracia, por su naturaleza, propicia una permanente inconformidad, por eso es tan atractivo el discurso del cambio. Dudemos de quien ofrece cambiar todo, eso es simplemente demagogia. La primera tarea es darle continuidad a las pol\u00edticas p\u00fablicas que funcionan. Las formas de democracia directa han ocasionado el derrumbe de las democracias representativas. Gran Breta\u00f1a, pionera de la representaci\u00f3n pol\u00edtica, atraviesa una grave crisis originada en un acto irresponsable del primer ministro David Cameron en 2016, al convocar a un refer\u00e9ndum que condujo a la salida de la Comunidad Europea. El famoso Brexit ocasion\u00f3 severos da\u00f1os pol\u00edticos y econ\u00f3micos a los que no se les ve fin.<\/p>\n\n\n\n<p>El especialista en teor\u00eda pol\u00edtica David Held afirma algo que nos debe obligar a la reflexi\u00f3n: \u201cUn fantasma recorre la pol\u00edtica contempor\u00e1nea (\u2026) el gobierno de las masas que ni est\u00e1n bien informadas ni son sabias\u201d.<\/p>\n\n\n\n<p>Una vez m\u00e1s insisto en que el mayor desaf\u00edo para 2024 es integrar asambleas parlamentarias aut\u00e9nticas. Bastar\u00eda asomarnos a las democracias consolidadas para confirmar el alto nivel del debate. Incluso en el escenario latinoamericano, nuestro sistema pol\u00edtico se califica como \u201ch\u00edbrido\u201d, una mezcla de concentraci\u00f3n de poder en detrimento de un necesario equilibrio institucional.<\/p>\n\n\n\n<p>Requerimos de una pol\u00edtica pedag\u00f3gica. Esto es, que ense\u00f1e, capacite y respete a la ciudadan\u00eda. Su primera tarea es delimitar para qu\u00e9 sirve el derecho, iniciando por nuestra Constituci\u00f3n. Estamos inmersos en una cultura de la apariencia en el cumplimiento de las leyes.<\/p>\n\n\n\n<p>Le hemos conferido a nuestra Carta Magna efectos m\u00e1gicos. Un ejemplo. El art\u00edculo primero dice: \u201cLos esclavos del extranjero que entren al territorio nacional alcanzar\u00e1n por ese solo hecho, su libertad y protecci\u00f3n de las leyes\u201d. Hay estudios que nos indican que en varias regiones sometidas por el crimen organizado existe la esclavitud. Ah\u00ed est\u00e1 el testimonio de los migrantes que sufren terribles vejaciones.<\/p>\n\n\n\n<p>Otro ejemplo. El \u00faltimo art\u00edculo, el 136, se\u00f1ala: \u201cEsta Constituci\u00f3n no perder\u00e1 su fuerza y vigor, aun cuando por alguna rebeli\u00f3n se interrumpa su observancia\u201d. Una expresi\u00f3n totalmente inocua. Se sigue incursionando en la peor forma de hacer leyes, se legisla para situaciones concretas. Es el caso de la reforma electoral actualmente en discusi\u00f3n y que tiene el fin de fortalecer al partido en el poder. Eso pervierte la generalidad que deben tener las normas jur\u00eddicas.<\/p>\n\n\n\n<p>La tarea es elevar nuestra cultura pol\u00edtica. Desde siempre la humanidad conoce la receta: la deliberaci\u00f3n para arribar al entendimiento.<\/p>\n","protected":false},"excerpt":{"rendered":"<p>Juan Jos\u00e9 Rodr\u00edguez Prats El tobog\u00e1n de deterioro que prevalece en la actualidad no puede ni debe ser el destino de M\u00e9xico. Cuauht\u00e9moc C\u00e1rdenas Seamos claros: fracas\u00f3 nuestra transici\u00f3n a la democracia. Atr\u00e1s qued\u00f3 el sistema pol\u00edtico engendrado por la Revoluci\u00f3n Mexicana con su presidencialismo autoritario y su partido hegem\u00f3nico, pero ni remotamente llegamos a [&hellip;]<\/p>\n","protected":false},"author":17,"featured_media":81193,"comment_status":"open","ping_status":"open","sticky":false,"template":"","format":"standard","meta":{"_monsterinsights_skip_tracking":false,"_monsterinsights_sitenote_active":false,"_monsterinsights_sitenote_note":"","_monsterinsights_sitenote_category":0,"footnotes":""},"categories":[614],"tags":[397],"class_list":["post-81192","post","type-post","status-publish","format-standard","has-post-thumbnail","hentry","category-politica-de-principios","tag-juan-jose-rodriguez-prats-2","wp-image-borders"],"amp_enabled":true,"_links":{"self":[{"href":"https:\/\/nvnoticias.mx\/index.php\/wp-json\/wp\/v2\/posts\/81192","targetHints":{"allow":["GET"]}}],"collection":[{"href":"https:\/\/nvnoticias.mx\/index.php\/wp-json\/wp\/v2\/posts"}],"about":[{"href":"https:\/\/nvnoticias.mx\/index.php\/wp-json\/wp\/v2\/types\/post"}],"author":[{"embeddable":true,"href":"https:\/\/nvnoticias.mx\/index.php\/wp-json\/wp\/v2\/users\/17"}],"replies":[{"embeddable":true,"href":"https:\/\/nvnoticias.mx\/index.php\/wp-json\/wp\/v2\/comments?post=81192"}],"version-history":[{"count":1,"href":"https:\/\/nvnoticias.mx\/index.php\/wp-json\/wp\/v2\/posts\/81192\/revisions"}],"predecessor-version":[{"id":81194,"href":"https:\/\/nvnoticias.mx\/index.php\/wp-json\/wp\/v2\/posts\/81192\/revisions\/81194"}],"wp:featuredmedia":[{"embeddable":true,"href":"https:\/\/nvnoticias.mx\/index.php\/wp-json\/wp\/v2\/media\/81193"}],"wp:attachment":[{"href":"https:\/\/nvnoticias.mx\/index.php\/wp-json\/wp\/v2\/media?parent=81192"}],"wp:term":[{"taxonomy":"category","embeddable":true,"href":"https:\/\/nvnoticias.mx\/index.php\/wp-json\/wp\/v2\/categories?post=81192"},{"taxonomy":"post_tag","embeddable":true,"href":"https:\/\/nvnoticias.mx\/index.php\/wp-json\/wp\/v2\/tags?post=81192"}],"curies":[{"name":"wp","href":"https:\/\/api.w.org\/{rel}","templated":true}]}}