{"id":81186,"date":"2022-11-03T17:46:23","date_gmt":"2022-11-03T23:46:23","guid":{"rendered":"https:\/\/nvnoticias.mx\/?p=81186"},"modified":"2022-11-03T17:46:24","modified_gmt":"2022-11-03T23:46:24","slug":"presidente-de-chile-hara-visita-de-estado-a-mexico-amlo","status":"publish","type":"post","link":"https:\/\/nvnoticias.mx\/index.php\/2022\/11\/03\/presidente-de-chile-hara-visita-de-estado-a-mexico-amlo\/","title":{"rendered":"Presidente de Chile har\u00e1 visita de Estado a M\u00e9xico: AMLO"},"content":{"rendered":"\n<p>El presidente Andr\u00e9s Manuel L\u00f3pez Obrador hizo oficial que su hom\u00f3logo de Chile, Gabriel Boric, har\u00e1 una visita de estado a M\u00e9xico a finales de noviembre.\u00a0 <\/p>\n\n\n\n<p>Luego de mantener una conversaci\u00f3n telef\u00f3nica con su hom\u00f3logo chileno, L\u00f3pez Obrador detall\u00f3 que el objetivo es hablar sobre cooperaci\u00f3n para el desarrollo, Gabriela Mistral y Salvador Allende. <\/p>\n\n\n\n<blockquote class=\"wp-block-quote is-layout-flow wp-block-quote-is-layout-flow\"><p>\u201c<em>Habl\u00e9 con el presidente de Chile, Gabriel Boric, quien har\u00e1 una visita de Estado a nuestro pa\u00eds. Adem\u00e1s de cooperaci\u00f3n para el desarrollo, conversaremos de Gabriela Mistral y del admirado compa\u00f1ero presidente, Salvador Allende, revolucionario y a la vez pacifista y dem\u00f3crata<\/em>\u201d, public\u00f3 en redes sociales. <\/p><\/blockquote>\n\n\n\n<figure class=\"wp-block-embed aligncenter is-type-rich is-provider-twitter wp-block-embed-twitter\"><div class=\"wp-block-embed__wrapper\">\n<blockquote class=\"twitter-tweet\" data-width=\"550\" data-dnt=\"true\"><p lang=\"es\" dir=\"ltr\">Habl\u00e9 con el presidente de Chile, Gabriel Boric, quien har\u00e1 una visita de Estado a nuestro pa\u00eds. Adem\u00e1s de cooperaci\u00f3n para el desarrollo, conversaremos de Gabriela Mistral y del admirado compa\u00f1ero presidente, Salvador Allende, revolucionario y a la vez pacifista y dem\u00f3crata. <a href=\"https:\/\/t.co\/yu9dFNPYfN\">pic.twitter.com\/yu9dFNPYfN<\/a><\/p>&mdash; Andr\u00e9s Manuel (@lopezobrador_) <a href=\"https:\/\/twitter.com\/lopezobrador_\/status\/1588295218360512513?ref_src=twsrc%5Etfw\">November 3, 2022<\/a><\/blockquote><script async src=\"https:\/\/platform.twitter.com\/widgets.js\" charset=\"utf-8\"><\/script>\n<\/div><\/figure>\n\n\n\n<p>El Presidente no detall\u00f3 las fechas de la visita de Boric en Twitter; sin embargo, en la llamada que L\u00f3pez Obrador sostuvo con\u00a0Luiz In\u00e1cio Lula da Silva, presidente electo de Brasil,\u00a0el lunes pasado, revel\u00f3 que Boric estar\u00e1 en M\u00e9xico el 23 de noviembre.\u00a0 <\/p>\n\n\n\n<p>Hasta ahora se sabe que estar\u00e1 en M\u00e9xico a finales de noviembre para participar en la Cumbre de la Alianza del Pac\u00edfico, evento que se llevar\u00e1 a cabo en Oaxaca. <\/p>\n\n\n\n<p>Fuente: <a href=\"https:\/\/www.milenio.com\/politica\/amlo-gabriel-boric-presidente-chileno-visitara-mexico\">Milenio<\/a><\/p>\n","protected":false},"excerpt":{"rendered":"<p>El presidente Andr\u00e9s Manuel L\u00f3pez Obrador hizo oficial que su hom\u00f3logo de Chile, Gabriel Boric, har\u00e1 una visita de estado a M\u00e9xico a finales de noviembre.\u00a0 Luego de mantener una conversaci\u00f3n telef\u00f3nica con su hom\u00f3logo chileno, L\u00f3pez Obrador detall\u00f3 que el objetivo es hablar sobre cooperaci\u00f3n para el desarrollo, Gabriela Mistral y Salvador Allende. \u201cHabl\u00e9 [&hellip;]<\/p>\n","protected":false},"author":8,"featured_media":81187,"comment_status":"open","ping_status":"open","sticky":false,"template":"","format":"standard","meta":{"_monsterinsights_skip_tracking":false,"_monsterinsights_sitenote_active":false,"_monsterinsights_sitenote_note":"","_monsterinsights_sitenote_category":0,"footnotes":""},"categories":[158],"tags":[188,472,8057,162,411,20784],"class_list":["post-81186","post","type-post","status-publish","format-standard","has-post-thumbnail","hentry","category-politica","tag-amlo","tag-chile","tag-gabriel-boric","tag-portada","tag-presidente","tag-visita-de-estado","wp-image-borders"],"amp_enabled":true,"_links":{"self":[{"href":"https:\/\/nvnoticias.mx\/index.php\/wp-json\/wp\/v2\/posts\/81186","targetHints":{"allow":["GET"]}}],"collection":[{"href":"https:\/\/nvnoticias.mx\/index.php\/wp-json\/wp\/v2\/posts"}],"about":[{"href":"https:\/\/nvnoticias.mx\/index.php\/wp-json\/wp\/v2\/types\/post"}],"author":[{"embeddable":true,"href":"https:\/\/nvnoticias.mx\/index.php\/wp-json\/wp\/v2\/users\/8"}],"replies":[{"embeddable":true,"href":"https:\/\/nvnoticias.mx\/index.php\/wp-json\/wp\/v2\/comments?post=81186"}],"version-history":[{"count":1,"href":"https:\/\/nvnoticias.mx\/index.php\/wp-json\/wp\/v2\/posts\/81186\/revisions"}],"predecessor-version":[{"id":81188,"href":"https:\/\/nvnoticias.mx\/index.php\/wp-json\/wp\/v2\/posts\/81186\/revisions\/81188"}],"wp:featuredmedia":[{"embeddable":true,"href":"https:\/\/nvnoticias.mx\/index.php\/wp-json\/wp\/v2\/media\/81187"}],"wp:attachment":[{"href":"https:\/\/nvnoticias.mx\/index.php\/wp-json\/wp\/v2\/media?parent=81186"}],"wp:term":[{"taxonomy":"category","embeddable":true,"href":"https:\/\/nvnoticias.mx\/index.php\/wp-json\/wp\/v2\/categories?post=81186"},{"taxonomy":"post_tag","embeddable":true,"href":"https:\/\/nvnoticias.mx\/index.php\/wp-json\/wp\/v2\/tags?post=81186"}],"curies":[{"name":"wp","href":"https:\/\/api.w.org\/{rel}","templated":true}]}}