{"id":81176,"date":"2022-11-03T16:05:54","date_gmt":"2022-11-03T22:05:54","guid":{"rendered":"https:\/\/nvnoticias.mx\/?p=81176"},"modified":"2022-11-03T16:05:55","modified_gmt":"2022-11-03T22:05:55","slug":"habla-selena-gomez-de-las-veces-que-contemplo-el-suicidio-como-solucion","status":"publish","type":"post","link":"https:\/\/nvnoticias.mx\/index.php\/2022\/11\/03\/habla-selena-gomez-de-las-veces-que-contemplo-el-suicidio-como-solucion\/","title":{"rendered":"Habla Selena Gomez de las veces que contempl\u00f3 el suicidio como soluci\u00f3n"},"content":{"rendered":"\n<p><strong>Selena Gomez,\u00a0<\/strong>quien dijo que la realizaci\u00f3n de su documental \u2018My Mind &amp; Me\u2019 impact\u00f3 en su imagen corporal,\u00a0est\u00e1 dispuesta a dejar que el p\u00fablico se introduzca en su intimidad con este proyecto, pero en la promoci\u00f3n de este habl\u00f3 de las veces en las que contempl\u00f3 el suicidio como una soluci\u00f3n a todo lo que sent\u00eda.<\/p>\n\n\n\n<p>La joven estrella estadounidense se prepara para el lanzamiento de su documental, el cual saldr\u00e1 a la luz este 4 de noviembre en \u2018Apple TV+\u2019. Pero, mientras el momento llega, la actriz de \u2018Only Murders in the Building\u2019 ha dado m\u00e1s detalles de la oscura etapa que vivi\u00f3 en sus \u00faltimos seis a\u00f1os de vida.<\/p>\n\n\n\n<p>Y, en una entrevista con \u2018Rollings Stone\u2019, Selena Gomez, de 30 a\u00f1os, revel\u00f3 que hubo momentos en los que la idea de atentar contra su vida rondaba en su cabeza y no la dejaba tranquila. \u201cComenzar\u00eda con depresi\u00f3n y luego me ir\u00eda al aislamiento\u201d, coment\u00f3 la famosa. \u201cEntonces simplemente no pod\u00eda moverme de la cama. No quer\u00eda que nadie me hablara\u201d.<\/p>\n\n\n\n<p>Asimismo, expres\u00f3 que sus amigos no la dejaban sola y que acud\u00edan a su casa para intentar animarla y mostrarle su apoyo, pero ella simplemente no ten\u00eda ganas de nada. \u201cA veces pasaba semanas en la cama (\u2026) incluso bajar las escaleras me dejaba sin aliento\u201d, expres\u00f3.<\/p>\n\n\n\n<p>La profunda depresi\u00f3n en la que se encontraba la llev\u00f3 a pensar en hacerse da\u00f1o para quitarse la vida, incluso,\u00a0la familia y amigos de Selena Gomez estaban preocupados de que un d\u00eda atentara contra su vida.\u00a0\u201cPens\u00e9 que el mundo ser\u00eda mejor si yo no estuviera all\u00ed\u201d, sentenci\u00f3 la cantante.<\/p>\n\n\n\n<p>Tambi\u00e9n expres\u00f3 que a sus 25 a\u00f1os estaba enojada consigo misma debido a que no sab\u00eda qui\u00e9n era y sent\u00eda que no hab\u00eda logrado nada al compararse con las dem\u00e1s personas y sus allegados, quienes comenzaban a casarse y tener una vida m\u00e1s estable. \u201cFue tan est\u00fapido, pero realmente pens\u00e9 que mi mundo hab\u00eda terminado\u201d, coment\u00f3.<\/p>\n\n\n\n<blockquote class=\"wp-block-quote is-layout-flow wp-block-quote-is-layout-flow\"><p>\u201cNunca encaj\u00e9 con un grupo genial de chicas que eran celebridades. Mi \u00fanica amiga en la industria realmente es\u00a0<strong>Taylor<\/strong>\u00a0[<strong>Swift<\/strong>], as\u00ed que recuerdo sentirme como si no perteneciera. Sent\u00ed la presencia de todos a mi alrededor viviendo vidas plenas. Ten\u00eda este puesto y estaba muy feliz, pero&#8230; \u00bflo estaba? \u00bfEstas cosas materialistas me hacen feliz? Simplemente no me gustaba qui\u00e9n era, porque no sab\u00eda qui\u00e9n era\u201d, recalc\u00f3 Gomez en su entrevista.<\/p><\/blockquote>\n\n\n\n<p>Actualmente, Selena Gomez est\u00e1 orgullosa de su trabajo y de priorizar su salud mental, adem\u00e1s, tiene la esperanza de que, con su documental, muchas personas se sientan identificadas con ella y logre ayudarlas al exponer su caso. <\/p>\n\n\n\n<blockquote class=\"wp-block-quote is-layout-flow wp-block-quote-is-layout-flow\"><p>\u201cS\u00e9 que tiene un gran mensaje, pero \u00bfsoy la persona adecuada para sacarlo a la luz? No lo s\u00e9. Quer\u00eda que alguien dijera: \u2018Selena, esto es demasiado intenso\u2019. Pero todos dec\u00edan: \u2018Estoy realmente conmovido\u201d, finaliz\u00f3<\/p><\/blockquote>\n\n\n\n<p>Fuente:<a href=\"https:\/\/www.telemundo.com\/entretenimiento\/latinx-now-espanol\/famosos\/selena-gomez-habla-de-que-contemplo-el-suicidio-como-solucion-rcna55563\" data-type=\"URL\" data-id=\"https:\/\/www.telemundo.com\/entretenimiento\/latinx-now-espanol\/famosos\/selena-gomez-habla-de-que-contemplo-el-suicidio-como-solucion-rcna55563\"> Telemundo<\/a><\/p>\n","protected":false},"excerpt":{"rendered":"<p>Selena Gomez,\u00a0quien dijo que la realizaci\u00f3n de su documental \u2018My Mind &amp; Me\u2019 impact\u00f3 en su imagen corporal,\u00a0est\u00e1 dispuesta a dejar que el p\u00fablico se introduzca en su intimidad con este proyecto, pero en la promoci\u00f3n de este habl\u00f3 de las veces en las que contempl\u00f3 el suicidio como una soluci\u00f3n a todo lo que [&hellip;]<\/p>\n","protected":false},"author":35,"featured_media":77782,"comment_status":"open","ping_status":"open","sticky":false,"template":"","format":"standard","meta":{"_monsterinsights_skip_tracking":false,"_monsterinsights_sitenote_active":false,"_monsterinsights_sitenote_note":"","_monsterinsights_sitenote_category":0,"footnotes":""},"categories":[576],"tags":[20782,126,8603,6051],"class_list":["post-81176","post","type-post","status-publish","format-standard","has-post-thumbnail","hentry","category-ocio","tag-contemplo","tag-selena-gomez","tag-solucion","tag-suicidio","wp-image-borders"],"amp_enabled":true,"_links":{"self":[{"href":"https:\/\/nvnoticias.mx\/index.php\/wp-json\/wp\/v2\/posts\/81176","targetHints":{"allow":["GET"]}}],"collection":[{"href":"https:\/\/nvnoticias.mx\/index.php\/wp-json\/wp\/v2\/posts"}],"about":[{"href":"https:\/\/nvnoticias.mx\/index.php\/wp-json\/wp\/v2\/types\/post"}],"author":[{"embeddable":true,"href":"https:\/\/nvnoticias.mx\/index.php\/wp-json\/wp\/v2\/users\/35"}],"replies":[{"embeddable":true,"href":"https:\/\/nvnoticias.mx\/index.php\/wp-json\/wp\/v2\/comments?post=81176"}],"version-history":[{"count":1,"href":"https:\/\/nvnoticias.mx\/index.php\/wp-json\/wp\/v2\/posts\/81176\/revisions"}],"predecessor-version":[{"id":81177,"href":"https:\/\/nvnoticias.mx\/index.php\/wp-json\/wp\/v2\/posts\/81176\/revisions\/81177"}],"wp:featuredmedia":[{"embeddable":true,"href":"https:\/\/nvnoticias.mx\/index.php\/wp-json\/wp\/v2\/media\/77782"}],"wp:attachment":[{"href":"https:\/\/nvnoticias.mx\/index.php\/wp-json\/wp\/v2\/media?parent=81176"}],"wp:term":[{"taxonomy":"category","embeddable":true,"href":"https:\/\/nvnoticias.mx\/index.php\/wp-json\/wp\/v2\/categories?post=81176"},{"taxonomy":"post_tag","embeddable":true,"href":"https:\/\/nvnoticias.mx\/index.php\/wp-json\/wp\/v2\/tags?post=81176"}],"curies":[{"name":"wp","href":"https:\/\/api.w.org\/{rel}","templated":true}]}}