{"id":81154,"date":"2022-11-03T14:42:21","date_gmt":"2022-11-03T20:42:21","guid":{"rendered":"https:\/\/nvnoticias.mx\/?p=81154"},"modified":"2022-11-03T14:42:23","modified_gmt":"2022-11-03T20:42:23","slug":"en-este-momento-no-me-veo-como-candidato-de-la-alianza-opositora-para-el-2024-monreal","status":"publish","type":"post","link":"https:\/\/nvnoticias.mx\/index.php\/2022\/11\/03\/en-este-momento-no-me-veo-como-candidato-de-la-alianza-opositora-para-el-2024-monreal\/","title":{"rendered":"En este momento no me veo como candidato de la alianza opositora para el 2024: Monreal"},"content":{"rendered":"\n<p>Ricardo Monreal, coordinador de Morena en el Senado, afirm\u00f3 que en este momento no se ve como candidato de la alianza opositora para la Presidencia de la Rep\u00fablica en 2024; sin embargo, precis\u00f3: \u201cvamos a ver m\u00e1s adelante qu\u00e9 sucede porque el pa\u00eds necesita reconciliaci\u00f3n\u201d.<\/p>\n\n\n\n<p> En entrevista, se le pregunt\u00f3 si se ve como el candidato de la alianza de oposici\u00f3n en 2024, luego de que el coordinador del PRD en el Senado, Miguel \u00c1ngel Mancera, consider\u00f3 que el morenista es un perfil fuerte y con interlocuci\u00f3n con todos los partidos, por lo que puede ser el candidato presidencial. <\/p>\n\n\n\n<blockquote class=\"wp-block-quote is-layout-flow wp-block-quote-is-layout-flow\"><p>\u201cEn este momento no, porque estoy luchando dentro de Morena, aunque entiendo que es una etapa cr\u00edtica la nuestra, porque desde dentro me est\u00e1n persiguiendo y atacando, pero es normal.<\/p><\/blockquote>\n\n\n\n<blockquote class=\"wp-block-quote is-layout-flow wp-block-quote-is-layout-flow\"><p>\u201cNo s\u00e9 que va a pasar en el futuro, pero&nbsp;<strong>estoy acostumbrado a enfrentarme a este tipo de vicisitudes,&nbsp;<\/strong>ya lo hice cuando fui gobernador y lo he hecho toda mi vida, mi car\u00e1cter es aut\u00f3nomo y soy un hombre libre y no creo que eso les afecte a los dem\u00e1s. Si se sienten tan seguros, no deber\u00edan tener preocupaci\u00f3n, voy a actuar en raz\u00f3n de mi libertad y mi dignidad, que es lo que m\u00e1s cuenta en mi vida\u201d, destac\u00f3.<\/p><\/blockquote>\n\n\n\n<p>Monreal agradeci\u00f3 a Mancera \u201cque haya expresado comentarios positivos nuestros y que reitero mi amistad. Simplemente, es una expresi\u00f3n que respeto. Vamos a ver m\u00e1s adelante qu\u00e9 sucede, pero\u00a0lo que el pa\u00eds necesita es reconciliaci\u00f3n. Lo que el pa\u00eds necesita es mayor consenso, mayor acuerdo\u201d.<\/p>\n\n\n\n<p>Dijo que es de los que piensa que se puede llega a la misma meta, \u201cal mismo prop\u00f3sito, al mismo fin, a los mismos acuerdos, y por eso creo que el senador Mancera y otros expresan este tipo de comentarios, porque saben que&nbsp;<strong>de nuestra parte act\u00fao con tolerancia, escucho, y logramos acuerdos en el Senado.<\/strong>&nbsp;As\u00ed ha sido en los cuatro a\u00f1os en lo que he tenido la responsabilidad ser el presidente de la Junta de Coordinaci\u00f3n Pol\u00edtica\u201d.<\/p>\n\n\n\n<p>El l\u00edder de la mayor\u00eda legislativa inform\u00f3 que la pr\u00f3xima semana concluir\u00e1 el estudio forense que mand\u00f3 a hacer para demostrar c\u00f3mo las cuentas de influencer, \u201cincluso de funcionarios p\u00fablicos, nos atacan y alaban a la jefa de Gobierno o a otros precandidatos. Son las mismas cuentas de simpatizantes que intentan descalificarnos, yo estoy acostumbrado a eso, estoy muy tranquilo\u201d.<\/p>\n\n\n\n<p>Fuente: <a href=\"https:\/\/www.milenio.com\/politica\/monreal-ahorita-veo-candidato-oposicion-2024\" data-type=\"URL\" data-id=\"https:\/\/www.milenio.com\/politica\/monreal-ahorita-veo-candidato-oposicion-2024\">Milenio<\/a><\/p>\n","protected":false},"excerpt":{"rendered":"<p>Ricardo Monreal, coordinador de Morena en el Senado, afirm\u00f3 que en este momento no se ve como candidato de la alianza opositora para la Presidencia de la Rep\u00fablica en 2024; sin embargo, precis\u00f3: \u201cvamos a ver m\u00e1s adelante qu\u00e9 sucede porque el pa\u00eds necesita reconciliaci\u00f3n\u201d. En entrevista, se le pregunt\u00f3 si se ve como el [&hellip;]<\/p>\n","protected":false},"author":35,"featured_media":69914,"comment_status":"open","ping_status":"open","sticky":false,"template":"","format":"standard","meta":{"_monsterinsights_skip_tracking":false,"_monsterinsights_sitenote_active":false,"_monsterinsights_sitenote_note":"","_monsterinsights_sitenote_category":0,"footnotes":""},"categories":[158],"tags":[323,2023,18633,600],"class_list":["post-81154","post","type-post","status-publish","format-standard","has-post-thumbnail","hentry","category-politica","tag-alianza","tag-candidato","tag-opositora","tag-ricardo-monreal","wp-image-borders"],"amp_enabled":true,"_links":{"self":[{"href":"https:\/\/nvnoticias.mx\/index.php\/wp-json\/wp\/v2\/posts\/81154","targetHints":{"allow":["GET"]}}],"collection":[{"href":"https:\/\/nvnoticias.mx\/index.php\/wp-json\/wp\/v2\/posts"}],"about":[{"href":"https:\/\/nvnoticias.mx\/index.php\/wp-json\/wp\/v2\/types\/post"}],"author":[{"embeddable":true,"href":"https:\/\/nvnoticias.mx\/index.php\/wp-json\/wp\/v2\/users\/35"}],"replies":[{"embeddable":true,"href":"https:\/\/nvnoticias.mx\/index.php\/wp-json\/wp\/v2\/comments?post=81154"}],"version-history":[{"count":1,"href":"https:\/\/nvnoticias.mx\/index.php\/wp-json\/wp\/v2\/posts\/81154\/revisions"}],"predecessor-version":[{"id":81163,"href":"https:\/\/nvnoticias.mx\/index.php\/wp-json\/wp\/v2\/posts\/81154\/revisions\/81163"}],"wp:featuredmedia":[{"embeddable":true,"href":"https:\/\/nvnoticias.mx\/index.php\/wp-json\/wp\/v2\/media\/69914"}],"wp:attachment":[{"href":"https:\/\/nvnoticias.mx\/index.php\/wp-json\/wp\/v2\/media?parent=81154"}],"wp:term":[{"taxonomy":"category","embeddable":true,"href":"https:\/\/nvnoticias.mx\/index.php\/wp-json\/wp\/v2\/categories?post=81154"},{"taxonomy":"post_tag","embeddable":true,"href":"https:\/\/nvnoticias.mx\/index.php\/wp-json\/wp\/v2\/tags?post=81154"}],"curies":[{"name":"wp","href":"https:\/\/api.w.org\/{rel}","templated":true}]}}