{"id":81095,"date":"2022-11-03T10:56:08","date_gmt":"2022-11-03T16:56:08","guid":{"rendered":"https:\/\/nvnoticias.mx\/?p=81095"},"modified":"2022-11-03T10:56:10","modified_gmt":"2022-11-03T16:56:10","slug":"bloqueo-de-eu-a-cuba-es-una-medida-retrograda-medieval-e-infame-amlo","status":"publish","type":"post","link":"https:\/\/nvnoticias.mx\/index.php\/2022\/11\/03\/bloqueo-de-eu-a-cuba-es-una-medida-retrograda-medieval-e-infame-amlo\/","title":{"rendered":"Bloqueo de EU a Cuba es una medida retr\u00f3grada, medieval e infame: AMLO"},"content":{"rendered":"\n<p>El presidente Andr\u00e9s Manuel L\u00f3pez Obrador calific\u00f3 de infame y medieval el bloqueo comercial que ha instrumentado Estados Unidos sobre Cuba por m\u00e1s de 60 a\u00f1os y llam\u00f3 a que ning\u00fan pa\u00eds se imponga sobre otros por la forma de gobierno y administraci\u00f3n.<\/p>\n\n\n\n<p>Ayer, la Asamblea General de la Organizaci\u00f3n de las\u00a0Naciones Unidas (ONU) comenz\u00f3 la primera de dos jornadas de debates sobre el proyecto de resoluci\u00f3n: \u201cNecesidad de poner fin al bloqueo econ\u00f3mico, comercial y financiero impuesto por los Estados Unidos a Cuba\u201d.<\/p>\n\n\n\n<blockquote class=\"wp-block-quote is-layout-flow wp-block-quote-is-layout-flow\"><p>\u201cCreo que es una infamia lo que se ha venido haciendo en contra de Cuba con el bloqueo del gobierno de Estados Unidos, es una medida retr\u00f3grada, medieval, inhumana, porque no es posible que se a\u00edsle a\u00fan m\u00e1s a un pa\u00eds como Cuba o a cualquier otro pa\u00eds del mundo.<\/p><\/blockquote>\n\n\n\n<blockquote class=\"wp-block-quote is-layout-flow wp-block-quote-is-layout-flow\"><p>\u201cNadie tiene ese derecho, a actuar como el gobierno mundial, nadie, los pa\u00edses somos independientes, somos libres, somos soberanos, pero independientemente de eso, es una clara violaci\u00f3n a derechos humanos, porque puede haber problemas pol\u00edticos, ideol\u00f3gicos \u00bfy el da\u00f1o a la poblaci\u00f3n, el da\u00f1o a la gente?\u201d, cuestion\u00f3.<\/p><\/blockquote>\n\n\n\n<p>Se tiene previsto que este jueves, los pa\u00edses miembros de la ONU voten una resoluci\u00f3n contra el bloqueo a la Isla donde los gobiernos de M\u00e9xico,&nbsp;Venezuela, Rusia, China y Bolivia, han condenado el aislamiento de esta naci\u00f3n.<\/p>\n\n\n\n<blockquote class=\"wp-block-quote is-layout-flow wp-block-quote-is-layout-flow\"><p>\u201cEspero que el gobierno de Estados Unidos act\u00fae de manera consecuente, porque siempre que se vota en Naciones Unidas este tema, la inmensa mayor\u00eda vota porque se quite el bloqueo y siempre Estados Unidos en contra y ejerce veto y queda sin efecto la resoluci\u00f3n.<\/p><\/blockquote>\n\n\n\n<blockquote class=\"wp-block-quote is-layout-flow wp-block-quote-is-layout-flow\"><p>\u201cOjal\u00e1 el d\u00eda de hoy sea un\u00e1nime, ser\u00eda una fiesta mundial, ser\u00eda decir gracias a la vida, si de verdad, no por hipocres\u00eda, estamos a favor de los derechos humanos y el principal de los derechos humanos es el derecho a la vida, no es posible que si hay diferencias pol\u00edticas se haga un bloqueo para que no lleguen los alimentos, no lleguen apoyos\u201d, sostuvo L\u00f3pez Obrador.<\/p><\/blockquote>\n\n\n\n<p>Fuente: <a href=\"https:\/\/www.forbes.com.mx\/medida-retrograda-medieval-e-infame-el-bloqueo-de-eu-a-cuba-amlo\/\" data-type=\"URL\" data-id=\"https:\/\/www.forbes.com.mx\/medida-retrograda-medieval-e-infame-el-bloqueo-de-eu-a-cuba-amlo\/\">Forbes<\/a><\/p>\n","protected":false},"excerpt":{"rendered":"<p>El presidente Andr\u00e9s Manuel L\u00f3pez Obrador calific\u00f3 de infame y medieval el bloqueo comercial que ha instrumentado Estados Unidos sobre Cuba por m\u00e1s de 60 a\u00f1os y llam\u00f3 a que ning\u00fan pa\u00eds se imponga sobre otros por la forma de gobierno y administraci\u00f3n. Ayer, la Asamblea General de la Organizaci\u00f3n de las\u00a0Naciones Unidas (ONU) comenz\u00f3 [&hellip;]<\/p>\n","protected":false},"author":35,"featured_media":72383,"comment_status":"open","ping_status":"open","sticky":false,"template":"","format":"standard","meta":{"_monsterinsights_skip_tracking":false,"_monsterinsights_sitenote_active":false,"_monsterinsights_sitenote_note":"","_monsterinsights_sitenote_category":0,"footnotes":""},"categories":[157],"tags":[188,1905,2501,183,20763,12662,20762,15861],"class_list":["post-81095","post","type-post","status-publish","format-standard","has-post-thumbnail","hentry","category-nacional","tag-amlo","tag-bloqueo","tag-cuba","tag-estados-unidos","tag-infame","tag-medida","tag-medieval","tag-retrograda","wp-image-borders"],"amp_enabled":true,"_links":{"self":[{"href":"https:\/\/nvnoticias.mx\/index.php\/wp-json\/wp\/v2\/posts\/81095","targetHints":{"allow":["GET"]}}],"collection":[{"href":"https:\/\/nvnoticias.mx\/index.php\/wp-json\/wp\/v2\/posts"}],"about":[{"href":"https:\/\/nvnoticias.mx\/index.php\/wp-json\/wp\/v2\/types\/post"}],"author":[{"embeddable":true,"href":"https:\/\/nvnoticias.mx\/index.php\/wp-json\/wp\/v2\/users\/35"}],"replies":[{"embeddable":true,"href":"https:\/\/nvnoticias.mx\/index.php\/wp-json\/wp\/v2\/comments?post=81095"}],"version-history":[{"count":1,"href":"https:\/\/nvnoticias.mx\/index.php\/wp-json\/wp\/v2\/posts\/81095\/revisions"}],"predecessor-version":[{"id":81096,"href":"https:\/\/nvnoticias.mx\/index.php\/wp-json\/wp\/v2\/posts\/81095\/revisions\/81096"}],"wp:featuredmedia":[{"embeddable":true,"href":"https:\/\/nvnoticias.mx\/index.php\/wp-json\/wp\/v2\/media\/72383"}],"wp:attachment":[{"href":"https:\/\/nvnoticias.mx\/index.php\/wp-json\/wp\/v2\/media?parent=81095"}],"wp:term":[{"taxonomy":"category","embeddable":true,"href":"https:\/\/nvnoticias.mx\/index.php\/wp-json\/wp\/v2\/categories?post=81095"},{"taxonomy":"post_tag","embeddable":true,"href":"https:\/\/nvnoticias.mx\/index.php\/wp-json\/wp\/v2\/tags?post=81095"}],"curies":[{"name":"wp","href":"https:\/\/api.w.org\/{rel}","templated":true}]}}