{"id":81045,"date":"2022-11-02T14:03:56","date_gmt":"2022-11-02T20:03:56","guid":{"rendered":"https:\/\/nvnoticias.mx\/?p=81045"},"modified":"2022-11-02T14:03:57","modified_gmt":"2022-11-02T20:03:57","slug":"stephanie-frappart-la-primera-mujer-en-arbitrar-en-la-champions-league","status":"publish","type":"post","link":"https:\/\/nvnoticias.mx\/index.php\/2022\/11\/02\/stephanie-frappart-la-primera-mujer-en-arbitrar-en-la-champions-league\/","title":{"rendered":"St\u00e9phanie Frappart, la primera mujer en arbitrar en la Champions League"},"content":{"rendered":"\n<p>La francesa\u00a0St\u00e9phanie Frappart, una de las m\u00e1ximas referentes del arbitraje femenino, fue designada por la UEFA para arbitrar el\u00a0Real Madrid vs Celtic\u00a0de la \u00faltima jornada del Grupo F de la\u00a0Champions League.<\/p>\n\n\n\n<p>St\u00e9phanie Frappart, de 38 a\u00f1os, es \u00e1rbitro\u00a0FIFA\u00a0desde 2011 y en 2018 fue designada para la final de la\u00a0Copa Mundial Femenina de F\u00fatbol Sub-20\u00a0de 2018, entre Espa\u00f1a y Jap\u00f3n, disputada en Vannes y en julio de 2019 dirigi\u00f3 la final del\u00a0Mundial Femenino entre Estados Unidos y Holanda. Ha sido seleccionada, adem\u00e1s, para hacer historia en el\u00a0Mundial de Qatar 2022,\u00a0al estar entre los 36 \u00e1rbitros para el torneo que arranca este 20 de noviembre.<\/p>\n\n\n\n<p>En agosto de 2019 se convirti\u00f3 en la primera mujer en la historia designada para arbitrar la final de la\u00a0Supercopa de la UEFA\u00a0asistida por Manuela Nicosi, la irlandesa Michelle O&#8217;Neal y el turco Cuneyt Cakir.16\u200b<\/p>\n\n\n\n<p>En diciembre de 2020 fue la primera \u00e1rbitra en dirigir un encuentro de la\u00a0UEFA Champions League. Debut\u00f3 en Tur\u00edn, en el partido entre\u00a0Juventus\u00a0y\u00a0Dinamo de K\u00edev.<\/p>\n\n\n\n<p>Esta temporada,\u00a0St\u00e9phanie Frappart\u00a0ha dirigido dos partidos de la\u00a0Europa League, adem\u00e1s de ser una habitual en los partidos de la Liga francesa.<\/p>\n\n\n\n<p>La \u00e1rbitra francesa se convirti\u00f3 tambi\u00e9n en la primera mujer en pitar un duelo oficial del\u00a0Real Madrid\u00a0en el Santiago Bernabe\u00fa durante el partido ante\u00a0Celtic.<\/p>\n\n\n\n<p>St\u00e9phanie Frappartestuvo asistida en las bandas por sus compatriotas Mikael Berchebru y Benjamin Pages. El cuarto \u00e1rbitro fue Johan Hamel, mientras que al frente del VAR estuvo Beno\u00eet Millot con la ayuda del italiano Massimiliano Irrati.<\/p>\n\n\n\n<p>El\u00a0Manchester City-Sevilla\u00a0estar\u00e1 a cargo del israel\u00ed Orel Grinfeeld, ayudado en las bandas por sus compatriotas Roy Hassan e Idan Yarkoni. El cuarto \u00e1rbitro ser\u00e1 Gal Leibovitz y al frente del VAR estar\u00e1 Roi Reinshreiber ayudado por el italiano Paolo Valeri.<\/p>\n\n\n\n<p>Fuente: <a href=\"https:\/\/www.espn.com.mx\/futbol\/champions-league\/nota\/_\/id\/11171262\/stephanie-frappart-la-primera-mujer-en-arbitrar-al-real-madrid-en-la-champions-league\">ESPN<\/a><\/p>\n","protected":false},"excerpt":{"rendered":"<p>La francesa\u00a0St\u00e9phanie Frappart, una de las m\u00e1ximas referentes del arbitraje femenino, fue designada por la UEFA para arbitrar el\u00a0Real Madrid vs Celtic\u00a0de la \u00faltima jornada del Grupo F de la\u00a0Champions League. St\u00e9phanie Frappart, de 38 a\u00f1os, es \u00e1rbitro\u00a0FIFA\u00a0desde 2011 y en 2018 fue designada para la final de la\u00a0Copa Mundial Femenina de F\u00fatbol Sub-20\u00a0de 2018, [&hellip;]<\/p>\n","protected":false},"author":8,"featured_media":81046,"comment_status":"open","ping_status":"open","sticky":false,"template":"","format":"standard","meta":{"_monsterinsights_skip_tracking":false,"_monsterinsights_sitenote_active":false,"_monsterinsights_sitenote_note":"","_monsterinsights_sitenote_category":0,"footnotes":""},"categories":[159],"tags":[10519,3426,633,3098],"class_list":["post-81045","post","type-post","status-publish","format-standard","has-post-thumbnail","hentry","category-deportes","tag-arbitra","tag-champions-league","tag-real-madrid","tag-uefa","wp-image-borders"],"amp_enabled":true,"_links":{"self":[{"href":"https:\/\/nvnoticias.mx\/index.php\/wp-json\/wp\/v2\/posts\/81045","targetHints":{"allow":["GET"]}}],"collection":[{"href":"https:\/\/nvnoticias.mx\/index.php\/wp-json\/wp\/v2\/posts"}],"about":[{"href":"https:\/\/nvnoticias.mx\/index.php\/wp-json\/wp\/v2\/types\/post"}],"author":[{"embeddable":true,"href":"https:\/\/nvnoticias.mx\/index.php\/wp-json\/wp\/v2\/users\/8"}],"replies":[{"embeddable":true,"href":"https:\/\/nvnoticias.mx\/index.php\/wp-json\/wp\/v2\/comments?post=81045"}],"version-history":[{"count":1,"href":"https:\/\/nvnoticias.mx\/index.php\/wp-json\/wp\/v2\/posts\/81045\/revisions"}],"predecessor-version":[{"id":81047,"href":"https:\/\/nvnoticias.mx\/index.php\/wp-json\/wp\/v2\/posts\/81045\/revisions\/81047"}],"wp:featuredmedia":[{"embeddable":true,"href":"https:\/\/nvnoticias.mx\/index.php\/wp-json\/wp\/v2\/media\/81046"}],"wp:attachment":[{"href":"https:\/\/nvnoticias.mx\/index.php\/wp-json\/wp\/v2\/media?parent=81045"}],"wp:term":[{"taxonomy":"category","embeddable":true,"href":"https:\/\/nvnoticias.mx\/index.php\/wp-json\/wp\/v2\/categories?post=81045"},{"taxonomy":"post_tag","embeddable":true,"href":"https:\/\/nvnoticias.mx\/index.php\/wp-json\/wp\/v2\/tags?post=81045"}],"curies":[{"name":"wp","href":"https:\/\/api.w.org\/{rel}","templated":true}]}}