{"id":81037,"date":"2022-11-02T12:53:01","date_gmt":"2022-11-02T18:53:01","guid":{"rendered":"https:\/\/nvnoticias.mx\/?p=81037"},"modified":"2022-11-02T12:53:02","modified_gmt":"2022-11-02T18:53:02","slug":"vuelve-saga-de-crepusculo-a-las-salas-de-cine","status":"publish","type":"post","link":"https:\/\/nvnoticias.mx\/index.php\/2022\/11\/02\/vuelve-saga-de-crepusculo-a-las-salas-de-cine\/","title":{"rendered":"Vuelve Saga de \u2018Crep\u00fasculo\u2019 a las salas de cine"},"content":{"rendered":"\n<p>Si eres de la generaci\u00f3n que creci\u00f3 con la historia de amor entre\u00a0<strong>Bella Swan y Edward Cullen<\/strong>\u00a0te tenemos buenas noticias, ya que las cinco\u00a0pel\u00edculas\u00a0que integran la saga de\u00a0<em>Crep\u00fasculo<\/em>\u00a0se\u00a0<strong>reestrenar\u00e1n<\/strong>\u00a0nuevamente en las salas de cine de la mano de la cadena\u00a0Cin\u00e9polis.<\/p>\n\n\n\n<p>Kristen Stewart,\u00a0Robert Pattinson\u00a0y Taylor Lautner protagonizan los filmes de\u00a0<strong>vampiros y lobos<\/strong>\u00a0que fueron populares en la d\u00e9cada del dosmil, cuando una generaci\u00f3n sigui\u00f3 la ficci\u00f3n adolescente adaptada de las novelas de Stephenie Meyer. Estos son los detalles.<\/p>\n\n\n\n<blockquote class=\"wp-block-quote is-layout-flow wp-block-quote-is-layout-flow\"><p>\u201cAdm\u00edtelo t\u00fa tambi\u00e9n fuiste #TeamEdward o #TeamJacob. La saga de #Crep\u00fasculo regresa a mis salas\u201d, se lee en el Twitter de la empresa cuyos boletos ya se encuentran en<strong>\u00a0preventa\u00a0<\/strong>para los fans.<\/p><\/blockquote>\n\n\n\n<p>La primera de ellas vio la luz en 2008, por lo que son\u00a0<strong>casi 14 a\u00f1os\u00a0<\/strong>los que han pasado desde que conocimos a la humana que se muda junto a su padre a un pueblo\u00a0llamado Forks, en cuya escuela conoce a un misterioso estudiante que junto a su familia guarda un gran secreto: son vampiros, aunque su regla es no alimentarse de sangre humana.<\/p>\n\n\n\n<p>Juntos enfrentar\u00e1n los peligros de su amor, as\u00ed como los&nbsp;<strong>obst\u00e1culos<\/strong>&nbsp;para casarse y formar una familia. Las fechas en que estar\u00e1n en cartelera son del&nbsp;<strong>17 al 23 de noviembre<\/strong>, en todos sus t\u00edtulos:<\/p>\n\n\n\n<ul class=\"wp-block-list\"><li><em>Crep\u00fasculo<\/em>&nbsp;(2008)<\/li><li><em>Crep\u00fasculo: Luna nueva&nbsp;<\/em>(2009)<\/li><li><em>Crep\u00fasculo: Eclipse<\/em>&nbsp;(2010)<\/li><li><em>Crep\u00fasculo: Amanecer parte 1&nbsp;<\/em>(2011)<\/li><li><em>Crep\u00fasculo: Amanecer parte 2<\/em>&nbsp;(2012).<\/li><\/ul>\n\n\n\n<p>Si eres de aquellos que les gustar\u00eda revivir alguna de estas entregas en la pantalla grande lo \u00fanico que debes hacer es acceder a la p\u00e1gina de Cin\u00e9polis para obtener tus boletos. Originalmente, todos los filmes superaron una\u00a0<strong>recaudaci\u00f3n de m\u00e1s de 3 mil 300 millones de d\u00f3lares\u00a0<\/strong>a nivel mundial.<\/p>\n\n\n\n<p>Fuente:<a href=\"https:\/\/www.elfinanciero.com.mx\/entretenimiento\/2022\/11\/02\/saga-de-crepusculo-vuelve-a-las-salas-de-cine-estas-son-las-fechas-y-detalles-del-reestreno\/\" data-type=\"URL\" data-id=\"https:\/\/www.elfinanciero.com.mx\/entretenimiento\/2022\/11\/02\/saga-de-crepusculo-vuelve-a-las-salas-de-cine-estas-son-las-fechas-y-detalles-del-reestreno\/\"> El Financiero<\/a><\/p>\n","protected":false},"excerpt":{"rendered":"<p>Si eres de la generaci\u00f3n que creci\u00f3 con la historia de amor entre\u00a0Bella Swan y Edward Cullen\u00a0te tenemos buenas noticias, ya que las cinco\u00a0pel\u00edculas\u00a0que integran la saga de\u00a0Crep\u00fasculo\u00a0se\u00a0reestrenar\u00e1n\u00a0nuevamente en las salas de cine de la mano de la cadena\u00a0Cin\u00e9polis. Kristen Stewart,\u00a0Robert Pattinson\u00a0y Taylor Lautner protagonizan los filmes de\u00a0vampiros y lobos\u00a0que fueron populares en la d\u00e9cada [&hellip;]<\/p>\n","protected":false},"author":35,"featured_media":81038,"comment_status":"open","ping_status":"open","sticky":false,"template":"","format":"standard","meta":{"_monsterinsights_skip_tracking":false,"_monsterinsights_sitenote_active":false,"_monsterinsights_sitenote_note":"","_monsterinsights_sitenote_category":0,"footnotes":""},"categories":[576],"tags":[2323,18891,20756,8885],"class_list":["post-81037","post","type-post","status-publish","format-standard","has-post-thumbnail","hentry","category-ocio","tag-cine","tag-crepusculo","tag-saga","tag-vuelve","wp-image-borders"],"amp_enabled":true,"_links":{"self":[{"href":"https:\/\/nvnoticias.mx\/index.php\/wp-json\/wp\/v2\/posts\/81037","targetHints":{"allow":["GET"]}}],"collection":[{"href":"https:\/\/nvnoticias.mx\/index.php\/wp-json\/wp\/v2\/posts"}],"about":[{"href":"https:\/\/nvnoticias.mx\/index.php\/wp-json\/wp\/v2\/types\/post"}],"author":[{"embeddable":true,"href":"https:\/\/nvnoticias.mx\/index.php\/wp-json\/wp\/v2\/users\/35"}],"replies":[{"embeddable":true,"href":"https:\/\/nvnoticias.mx\/index.php\/wp-json\/wp\/v2\/comments?post=81037"}],"version-history":[{"count":1,"href":"https:\/\/nvnoticias.mx\/index.php\/wp-json\/wp\/v2\/posts\/81037\/revisions"}],"predecessor-version":[{"id":81039,"href":"https:\/\/nvnoticias.mx\/index.php\/wp-json\/wp\/v2\/posts\/81037\/revisions\/81039"}],"wp:featuredmedia":[{"embeddable":true,"href":"https:\/\/nvnoticias.mx\/index.php\/wp-json\/wp\/v2\/media\/81038"}],"wp:attachment":[{"href":"https:\/\/nvnoticias.mx\/index.php\/wp-json\/wp\/v2\/media?parent=81037"}],"wp:term":[{"taxonomy":"category","embeddable":true,"href":"https:\/\/nvnoticias.mx\/index.php\/wp-json\/wp\/v2\/categories?post=81037"},{"taxonomy":"post_tag","embeddable":true,"href":"https:\/\/nvnoticias.mx\/index.php\/wp-json\/wp\/v2\/tags?post=81037"}],"curies":[{"name":"wp","href":"https:\/\/api.w.org\/{rel}","templated":true}]}}