{"id":81027,"date":"2022-11-02T12:26:40","date_gmt":"2022-11-02T18:26:40","guid":{"rendered":"https:\/\/nvnoticias.mx\/?p=81027"},"modified":"2022-11-02T12:26:42","modified_gmt":"2022-11-02T18:26:42","slug":"celebra-la-casa-blanca-dia-de-muertos-con-ofrenda-a-familiares-del-personal","status":"publish","type":"post","link":"https:\/\/nvnoticias.mx\/index.php\/2022\/11\/02\/celebra-la-casa-blanca-dia-de-muertos-con-ofrenda-a-familiares-del-personal\/","title":{"rendered":"Celebra La Casa Blanca D\u00eda de Muertos con ofrenda a familiares del personal"},"content":{"rendered":"\n<p>La Casa Blanca celebra el&nbsp;<strong>D\u00eda de Muertos&nbsp;<\/strong>con una&nbsp;<strong>ofrenda dedicada a los familiares fallecidos del personal&nbsp;<\/strong>que trabaja en la residencia del presidente de Estados Unidos, Joe Biden.<\/p>\n\n\n\n<p>El altar del D\u00eda de Muertos, ubicado en el Ala Oeste del edificio, est\u00e1 compuesto de tres niveles y decorado con calaveras de colores, catrinas, flores de cempas\u00fachil, velas, pan de muerto, tortillas, tamales, tequila, una figura de la Virgen de Guadalupe y las imprescindibles fotos de los fallecidos.<\/p>\n\n\n\n<p>La tradici\u00f3n, originaria de M\u00e9xico, dicta que las almas de los difuntos, cuyas fotograf\u00edas est\u00e1n en la ofrenda, visitan en estas fechas el mundo de los vivos y disfrutan de los alimentos y bebidas que se ponen en el altar.<\/p>\n\n\n\n<blockquote class=\"wp-block-quote is-layout-flow wp-block-quote-is-layout-flow\"><p>&#8220;En la ofrenda ponemos fotograf\u00edas de seres queridos del personal de la Casa Blanca que ya no est\u00e1n. Trajeron fotos de sus seres queridos y las pusieron aqu\u00ed para poder celebrarlos&#8221;, explic\u00f3 a EFE Luisana P\u00e9rez Fern\u00e1ndez, directora de Medios Hispanos del Gobierno estadounidense.<\/p><\/blockquote>\n\n\n\n<p>La celebraci\u00f3n del D\u00eda de Muertos en la Casa Blanca fue una iniciativa que tom\u00f3 la primera dama de Estados Unidos, Jill Biden, tras visitar el a\u00f1o pasado el Museo Nacional de Arte Mexicano de Chicago (Illinois).<\/p>\n\n\n\n<p>Le pareci\u00f3 &#8220;una tradici\u00f3n muy linda&#8221; y, por eso, este es el segundo a\u00f1o que la residencia presidencial tiene una ofrenda, explic\u00f3 la portavoz.<\/p>\n\n\n\n<blockquote class=\"wp-block-quote is-layout-flow wp-block-quote-is-layout-flow\"><p>&#8220;Es algo que esperamos hacer todos los a\u00f1os. La familia del presidente y la primera dama quiere conmemorar a estas personas y asegurar que estas tradiciones tan importantes para nuestra comunidad est\u00e9n en la Casa Blanca&#8221;, a\u00f1adi\u00f3.<\/p><\/blockquote>\n\n\n\n<p>El Museo Nacional de Arte Mexicano de Chicago, el mayor museo sobre la cultura latina en Estados Unidos, colabor\u00f3 en el montaje del altar.<\/p>\n\n\n\n<p>El D\u00eda de Muertos llega a la Casa Blanca el d\u00eda despu\u00e9s de la celebraci\u00f3n de Halloween, otra tradici\u00f3n muy arraigada en Estados Unidos.<\/p>\n\n\n\n<p>Frente a una residencia decorada para la ocasi\u00f3n, con calabazas y arbustos oto\u00f1ales, el presidente Biden y la primera dama Jill saludaron a los ni\u00f1os que pasaron por el Jard\u00edn Sur pidiendo el tradicional &#8220;dulce o truco&#8221;, disfrazados de pr\u00edncipes y princesas, personajes de la saga de &#8220;Star Wars&#8221; u osos de peluche.<\/p>\n\n\n\n<p>Fuente: <a href=\"https:\/\/www.eluniversal.com.mx\/mundo\/la-casa-blanca-celebra-dia-de-muertos-con-ofrenda-familiares-del-personal\" data-type=\"URL\" data-id=\"https:\/\/www.eluniversal.com.mx\/mundo\/la-casa-blanca-celebra-dia-de-muertos-con-ofrenda-familiares-del-personal\">El Universal<\/a><\/p>\n","protected":false},"excerpt":{"rendered":"<p>La Casa Blanca celebra el&nbsp;D\u00eda de Muertos&nbsp;con una&nbsp;ofrenda dedicada a los familiares fallecidos del personal&nbsp;que trabaja en la residencia del presidente de Estados Unidos, Joe Biden. El altar del D\u00eda de Muertos, ubicado en el Ala Oeste del edificio, est\u00e1 compuesto de tres niveles y decorado con calaveras de colores, catrinas, flores de cempas\u00fachil, velas, [&hellip;]<\/p>\n","protected":false},"author":35,"featured_media":81028,"comment_status":"open","ping_status":"open","sticky":false,"template":"","format":"standard","meta":{"_monsterinsights_skip_tracking":false,"_monsterinsights_sitenote_active":false,"_monsterinsights_sitenote_note":"","_monsterinsights_sitenote_category":0,"footnotes":""},"categories":[181],"tags":[9689,6509,3160,7245,20754,4569],"class_list":["post-81027","post","type-post","status-publish","format-standard","has-post-thumbnail","hentry","category-internacional","tag-celebra","tag-dia-de-muertos","tag-familiares","tag-la-casa-blanca","tag-ofrenda","tag-personal","wp-image-borders"],"amp_enabled":true,"_links":{"self":[{"href":"https:\/\/nvnoticias.mx\/index.php\/wp-json\/wp\/v2\/posts\/81027","targetHints":{"allow":["GET"]}}],"collection":[{"href":"https:\/\/nvnoticias.mx\/index.php\/wp-json\/wp\/v2\/posts"}],"about":[{"href":"https:\/\/nvnoticias.mx\/index.php\/wp-json\/wp\/v2\/types\/post"}],"author":[{"embeddable":true,"href":"https:\/\/nvnoticias.mx\/index.php\/wp-json\/wp\/v2\/users\/35"}],"replies":[{"embeddable":true,"href":"https:\/\/nvnoticias.mx\/index.php\/wp-json\/wp\/v2\/comments?post=81027"}],"version-history":[{"count":1,"href":"https:\/\/nvnoticias.mx\/index.php\/wp-json\/wp\/v2\/posts\/81027\/revisions"}],"predecessor-version":[{"id":81029,"href":"https:\/\/nvnoticias.mx\/index.php\/wp-json\/wp\/v2\/posts\/81027\/revisions\/81029"}],"wp:featuredmedia":[{"embeddable":true,"href":"https:\/\/nvnoticias.mx\/index.php\/wp-json\/wp\/v2\/media\/81028"}],"wp:attachment":[{"href":"https:\/\/nvnoticias.mx\/index.php\/wp-json\/wp\/v2\/media?parent=81027"}],"wp:term":[{"taxonomy":"category","embeddable":true,"href":"https:\/\/nvnoticias.mx\/index.php\/wp-json\/wp\/v2\/categories?post=81027"},{"taxonomy":"post_tag","embeddable":true,"href":"https:\/\/nvnoticias.mx\/index.php\/wp-json\/wp\/v2\/tags?post=81027"}],"curies":[{"name":"wp","href":"https:\/\/api.w.org\/{rel}","templated":true}]}}