{"id":81019,"date":"2022-11-02T12:11:56","date_gmt":"2022-11-02T18:11:56","guid":{"rendered":"https:\/\/nvnoticias.mx\/?p=81019"},"modified":"2022-11-02T12:11:58","modified_gmt":"2022-11-02T18:11:58","slug":"aumenta-fed-tasa-en-75-puntos-por-cuarta-vez","status":"publish","type":"post","link":"https:\/\/nvnoticias.mx\/index.php\/2022\/11\/02\/aumenta-fed-tasa-en-75-puntos-por-cuarta-vez\/","title":{"rendered":"Aumenta Fed tasa en 75 puntos por cuarta vez"},"content":{"rendered":"\n<p>La Reserva Federal\u00a0hizo v\u00e1lidos los pron\u00f3sticos del mercado y subi\u00f3\u00a0<strong>su tasa de inter\u00e9s<\/strong>\u00a0en 75 puntos base mientras Estados Unidos (como el resto del mundo) combate la peor inflaci\u00f3n vista en d\u00e9cadas.<\/p>\n\n\n\n<p>Con ello, el rango del referencial se ubica en<strong>\u00a03.75-4 por ciento<\/strong>, un nivel que no se ve\u00eda desde hace casi 15 a\u00f1os, cuando la tasa de inter\u00e9s ubic\u00f3 en 4.25 por ciento.<\/p>\n\n\n\n<p>Esta es la cuarta ocasi\u00f3n en lo que va de 2022 que el Banco Central sube el referencial en 75 puntos base. La tasa de la Fed ha aumentado&nbsp;<strong>325 puntos base&nbsp;<\/strong>en el actual ciclo alcista que arranc\u00f3 en marzo.<\/p>\n\n\n\n<p>A pesar de ello,&nbsp;<strong>la inflaci\u00f3n en EU<\/strong>&nbsp;no da se\u00f1ales de ceder: en septiembre, el \u00edndice de precios al consumidor se ubic\u00f3 en 8.2 en septiembre en comparaci\u00f3n con el mismo mes, pero de 2021. A tasa mensual, los precios aumentaron 0.4 por ciento de agosto a septiembre.<\/p>\n\n\n\n<p>El mensaje de la Fed a los mercados en los \u00faltimos meses se resume en que\u00a0<strong>los aumentos a la tasa\u00a0<\/strong>continuar\u00e1n hasta que la inflaci\u00f3n ceda. Sin embargo, figuras como Joseph Stiglitz, galardonado con el Premio Nobel de Econom\u00eda se\u00f1al\u00f3 que la medida\u00a0\u201cmatar\u00e1 la econom\u00eda\u201d.<\/p>\n\n\n\n<blockquote class=\"wp-block-quote is-layout-flow wp-block-quote-is-layout-flow\"><p>\u201cAumentar la tasa de inter\u00e9s\u00a0<strong>no va a crear m\u00e1s alimento ni m\u00e1s recursos<\/strong>, sino que relocalicemos industrias y mandemos a otros pa\u00edses, lo que ha ocurrido en Estados Unidos y esto hizo empeorar el problema en Estados Unidos, esto no se basa en un buen an\u00e1lisis econ\u00f3mico,\u00a0<strong>sino en una reacci\u00f3n en cadena<\/strong>\u201d, dijo en octubre.<\/p><\/blockquote>\n\n\n\n<p>Fuente: <a href=\"https:\/\/www.elfinanciero.com.mx\/economia\/2022\/11\/02\/susto-por-inflacion-persiste-y-la-fed-aumenta-tasa-en-75-puntos-por-cuarta-vez\/\" data-type=\"URL\" data-id=\"https:\/\/www.elfinanciero.com.mx\/economia\/2022\/11\/02\/susto-por-inflacion-persiste-y-la-fed-aumenta-tasa-en-75-puntos-por-cuarta-vez\/\">El Financiero<\/a><\/p>\n","protected":false},"excerpt":{"rendered":"<p>La Reserva Federal\u00a0hizo v\u00e1lidos los pron\u00f3sticos del mercado y subi\u00f3\u00a0su tasa de inter\u00e9s\u00a0en 75 puntos base mientras Estados Unidos (como el resto del mundo) combate la peor inflaci\u00f3n vista en d\u00e9cadas. Con ello, el rango del referencial se ubica en\u00a03.75-4 por ciento, un nivel que no se ve\u00eda desde hace casi 15 a\u00f1os, cuando la [&hellip;]<\/p>\n","protected":false},"author":35,"featured_media":59858,"comment_status":"open","ping_status":"open","sticky":false,"template":"","format":"standard","meta":{"_monsterinsights_skip_tracking":false,"_monsterinsights_sitenote_active":false,"_monsterinsights_sitenote_note":"","_monsterinsights_sitenote_category":0,"footnotes":""},"categories":[181],"tags":[7834,162,9980],"class_list":["post-81019","post","type-post","status-publish","format-standard","has-post-thumbnail","hentry","category-internacional","tag-aumenta","tag-portada","tag-tasa","wp-image-borders"],"amp_enabled":true,"_links":{"self":[{"href":"https:\/\/nvnoticias.mx\/index.php\/wp-json\/wp\/v2\/posts\/81019","targetHints":{"allow":["GET"]}}],"collection":[{"href":"https:\/\/nvnoticias.mx\/index.php\/wp-json\/wp\/v2\/posts"}],"about":[{"href":"https:\/\/nvnoticias.mx\/index.php\/wp-json\/wp\/v2\/types\/post"}],"author":[{"embeddable":true,"href":"https:\/\/nvnoticias.mx\/index.php\/wp-json\/wp\/v2\/users\/35"}],"replies":[{"embeddable":true,"href":"https:\/\/nvnoticias.mx\/index.php\/wp-json\/wp\/v2\/comments?post=81019"}],"version-history":[{"count":1,"href":"https:\/\/nvnoticias.mx\/index.php\/wp-json\/wp\/v2\/posts\/81019\/revisions"}],"predecessor-version":[{"id":81021,"href":"https:\/\/nvnoticias.mx\/index.php\/wp-json\/wp\/v2\/posts\/81019\/revisions\/81021"}],"wp:featuredmedia":[{"embeddable":true,"href":"https:\/\/nvnoticias.mx\/index.php\/wp-json\/wp\/v2\/media\/59858"}],"wp:attachment":[{"href":"https:\/\/nvnoticias.mx\/index.php\/wp-json\/wp\/v2\/media?parent=81019"}],"wp:term":[{"taxonomy":"category","embeddable":true,"href":"https:\/\/nvnoticias.mx\/index.php\/wp-json\/wp\/v2\/categories?post=81019"},{"taxonomy":"post_tag","embeddable":true,"href":"https:\/\/nvnoticias.mx\/index.php\/wp-json\/wp\/v2\/tags?post=81019"}],"curies":[{"name":"wp","href":"https:\/\/api.w.org\/{rel}","templated":true}]}}