{"id":81013,"date":"2022-11-02T12:12:12","date_gmt":"2022-11-02T18:12:12","guid":{"rendered":"https:\/\/nvnoticias.mx\/?p=81013"},"modified":"2022-11-02T12:12:14","modified_gmt":"2022-11-02T18:12:14","slug":"f1-coloca-a-checo-perez-en-el-septimo-puesto-del-power-ranking-tras-el-gp-de-mexico","status":"publish","type":"post","link":"https:\/\/nvnoticias.mx\/index.php\/2022\/11\/02\/f1-coloca-a-checo-perez-en-el-septimo-puesto-del-power-ranking-tras-el-gp-de-mexico\/","title":{"rendered":"F1 coloca a Checo P\u00e9rez en el s\u00e9ptimo puesto del Power Ranking tras el GP de M\u00e9xico"},"content":{"rendered":"\n<p>El mexicano\u00a0\u2018Checo\u2019 P\u00e9rez\u00a0fue colocado en el s\u00e9ptimo lugar del\u00a0Power Ranking\u00a0de la\u00a0F\u00f3rmula 1\u00a0despu\u00e9s de finalizar en la tercera posici\u00f3n durante el\u00a0Gran Premio de la Ciudad de M\u00e9xico\u00a0y que represent\u00f3 un doble podio para\u00a0Red Bull.<\/p>\n\n\n\n<p>\u2018Checo\u2019 P\u00e9rez\u00a0inici\u00f3 en el cuarto puesto en el\u00a0Aut\u00f3dromo Hermanos Rodr\u00edguez, pero desde el inicio de carrera se coloc\u00f3 en el tercer lugar, y a pesar de su lucha con\u00a0Lewis Hamilton, el tapat\u00edo no logr\u00f3 rebasar al piloto de\u00a0Mercedes. Adem\u00e1s, un error en pits por parte de su equipo le arrebat\u00f3 las posibilidades a la escuder\u00eda de lograr un 1-2.<\/p>\n\n\n\n<blockquote class=\"wp-block-quote is-layout-flow wp-block-quote-is-layout-flow\"><p>\u201c<em>Sergio P\u00e9rez\u00a0tiene al compa\u00f1ero de equipo m\u00e1s duro en\u00a0Verstappen, y en la calificaci\u00f3n, el favorito de casa termin\u00f3 a 0,353 segundos del holand\u00e9s, que se conform\u00f3 con la cuarta posici\u00f3n en la parrilla. Ilumin\u00f3 el Foro Sol con una brillante primera vuelta en la que super\u00f3 a Russell, pero a partir de ah\u00ed el progreso fue limitado para P\u00e9rez, aunque termin\u00f3 m\u00e1s de 30 segundos por delante del piloto de\u00a0Mercedes\u00a0en cuarto lugar y logr\u00f3 un segundo podio<\/em>\u201d.<\/p><\/blockquote>\n\n\n\n<div class=\"wp-block-image\"><figure class=\"aligncenter size-large\"><img loading=\"lazy\" decoding=\"async\" width=\"570\" height=\"321\" src=\"https:\/\/nvnoticias.mx\/wp-content\/uploads\/2022\/11\/image-1.png\" alt=\"\" class=\"wp-image-81015\" srcset=\"https:\/\/nvnoticias.mx\/wp-content\/uploads\/2022\/11\/image-1.png 570w, https:\/\/nvnoticias.mx\/wp-content\/uploads\/2022\/11\/image-1-300x169.png 300w\" sizes=\"auto, (max-width: 570px) 100vw, 570px\" \/><\/figure><\/div>\n\n\n\n<p>El\u00a0Power Ranking\u00a0patrocinado por Aramco nuevamente fue criticado, ya que\u00a0Daniel Ricciardo\u00a0fue se\u00f1alado como el piloto del d\u00eda, pero fue colocado en la tercera posici\u00f3n, mientras que\u00a0George Russell\u00a0finaliz\u00f3 a 30 segundos por detr\u00e1s de\u00a0\u2018Checo\u2019 P\u00e9rez\u00a0y fue ubicado en la quinta posici\u00f3n.<\/p>\n\n\n\n<p>\u2018Checo\u2019 P\u00e9rez\u00a0logr\u00f3 una calificaci\u00f3n de 7.8. El primer lugar fue para\u00a0Max Verstappen\u00a0con 9.5, seguido de\u00a0Lewis Hamilton\u00a0con 9.0 y en el tercer lugar\u00a0Daniel Ricciardo\u00a0con 8.3.<\/p>\n\n\n\n<p>Durante el\u00a0Gran Premio de la Ciudad de M\u00e9xico, Checo recuper\u00f3 el segundo lugar en el campeonato de pilotos al llegar a 280 puntos, mientras que\u00a0Charles Leclerc\u00a0fue desplazado a la tercera posici\u00f3n con 275 unidades.<\/p>\n\n\n\n<p>Fuente: <a href=\"https:\/\/www.espn.com.mx\/deporte-motor\/f1\/nota\/_\/id\/11170776\/f1-checo-perez-en-el-septimo-puesto-del-power-ranking-tras-el-gp-de-mexico\">ESPN<\/a><\/p>\n","protected":false},"excerpt":{"rendered":"<p>El mexicano\u00a0\u2018Checo\u2019 P\u00e9rez\u00a0fue colocado en el s\u00e9ptimo lugar del\u00a0Power Ranking\u00a0de la\u00a0F\u00f3rmula 1\u00a0despu\u00e9s de finalizar en la tercera posici\u00f3n durante el\u00a0Gran Premio de la Ciudad de M\u00e9xico\u00a0y que represent\u00f3 un doble podio para\u00a0Red Bull. \u2018Checo\u2019 P\u00e9rez\u00a0inici\u00f3 en el cuarto puesto en el\u00a0Aut\u00f3dromo Hermanos Rodr\u00edguez, pero desde el inicio de carrera se coloc\u00f3 en el tercer lugar, [&hellip;]<\/p>\n","protected":false},"author":8,"featured_media":81020,"comment_status":"open","ping_status":"open","sticky":false,"template":"","format":"standard","meta":{"_monsterinsights_skip_tracking":false,"_monsterinsights_sitenote_active":false,"_monsterinsights_sitenote_note":"","_monsterinsights_sitenote_category":0,"footnotes":""},"categories":[159],"tags":[2977,3699,19927],"class_list":["post-81013","post","type-post","status-publish","format-standard","has-post-thumbnail","hentry","category-deportes","tag-checo-perez","tag-f1","tag-power-rankings","wp-image-borders"],"amp_enabled":true,"_links":{"self":[{"href":"https:\/\/nvnoticias.mx\/index.php\/wp-json\/wp\/v2\/posts\/81013","targetHints":{"allow":["GET"]}}],"collection":[{"href":"https:\/\/nvnoticias.mx\/index.php\/wp-json\/wp\/v2\/posts"}],"about":[{"href":"https:\/\/nvnoticias.mx\/index.php\/wp-json\/wp\/v2\/types\/post"}],"author":[{"embeddable":true,"href":"https:\/\/nvnoticias.mx\/index.php\/wp-json\/wp\/v2\/users\/8"}],"replies":[{"embeddable":true,"href":"https:\/\/nvnoticias.mx\/index.php\/wp-json\/wp\/v2\/comments?post=81013"}],"version-history":[{"count":1,"href":"https:\/\/nvnoticias.mx\/index.php\/wp-json\/wp\/v2\/posts\/81013\/revisions"}],"predecessor-version":[{"id":81022,"href":"https:\/\/nvnoticias.mx\/index.php\/wp-json\/wp\/v2\/posts\/81013\/revisions\/81022"}],"wp:featuredmedia":[{"embeddable":true,"href":"https:\/\/nvnoticias.mx\/index.php\/wp-json\/wp\/v2\/media\/81020"}],"wp:attachment":[{"href":"https:\/\/nvnoticias.mx\/index.php\/wp-json\/wp\/v2\/media?parent=81013"}],"wp:term":[{"taxonomy":"category","embeddable":true,"href":"https:\/\/nvnoticias.mx\/index.php\/wp-json\/wp\/v2\/categories?post=81013"},{"taxonomy":"post_tag","embeddable":true,"href":"https:\/\/nvnoticias.mx\/index.php\/wp-json\/wp\/v2\/tags?post=81013"}],"curies":[{"name":"wp","href":"https:\/\/api.w.org\/{rel}","templated":true}]}}