{"id":8098,"date":"2021-03-18T12:28:27","date_gmt":"2021-03-18T18:28:27","guid":{"rendered":"https:\/\/nvnoticias.mx\/?p=8098"},"modified":"2021-03-18T12:32:30","modified_gmt":"2021-03-18T18:32:30","slug":"pensionados-del-issste-realizan-planton-afuera-de-clinica","status":"publish","type":"post","link":"https:\/\/nvnoticias.mx\/index.php\/2021\/03\/18\/pensionados-del-issste-realizan-planton-afuera-de-clinica\/","title":{"rendered":"Pensionados del ISSSTE realizan plant\u00f3n afuera de la cl\u00ednica de Veracruz"},"content":{"rendered":"\n<p><strong>Jes\u00fas Utrilla \/ NV Noticias<\/strong><\/p>\n\n\n\n<p>Veracruz.- Tal como lo anunciaron, pensionados del ISSSTE pertenecientes a diferentes organizaciones llevaron acabo un plant\u00f3n afuera de las instalaciones de la cl\u00ednica ubicada en Diaz Mir\u00f3n, en la ciudad de Veracruz.<\/p>\n\n\n\n<p>Rodolfo Su\u00e1rez Castellanos, presidente del Consejo de Jubilados y Pensionados de Veracruz AC., se\u00f1al\u00f3 que por determinaci\u00f3n de la Suprema Corte de Justicia de la Naci\u00f3n todos los pensionados del instituto deber\u00e1n recibir su deposito en Unidad de Medida y Actualizaci\u00f3n.<\/p>\n\n\n\n<p>Explic\u00f3 que la reforma <strong>solamente contemplaba a quienes se jubilaban de 2017 en adelante<\/strong>, sin embargo, hubo una serie de amparos y se determin\u00f3 que la medida aplicar\u00eda parejo.<\/p>\n\n\n\n<blockquote class=\"wp-block-quote is-layout-flow wp-block-quote-is-layout-flow\"><p>\u201cAl ampararse los compa\u00f1eros que les pagan con UMAS barri\u00f3 parejo y dijo que a todos los jubilados se les pagar\u00e1 en UMAS. No est\u00e1bamos en el pleito pero ya nos metieron. El pago ser\u00e1 cuando la Suprema Corte le exija al ISSSTE que haga los pagos conforme est\u00e1 mandatando\u201d.<\/p><\/blockquote>\n\n\n\n<figure class=\"wp-block-gallery columns-2 is-cropped wp-block-gallery-1 is-layout-flex wp-block-gallery-is-layout-flex\"><ul class=\"blocks-gallery-grid\"><li class=\"blocks-gallery-item\"><figure><img loading=\"lazy\" decoding=\"async\" width=\"1024\" height=\"768\" src=\"https:\/\/nvnoticias.mx\/wp-content\/uploads\/2021\/03\/1pensionados-issste-1024x768.jpg\" alt=\"\" data-id=\"8100\" data-full-url=\"https:\/\/nvnoticias.mx\/wp-content\/uploads\/2021\/03\/1pensionados-issste.jpg\" data-link=\"https:\/\/nvnoticias.mx\/?attachment_id=8100\" class=\"wp-image-8100\" srcset=\"https:\/\/nvnoticias.mx\/wp-content\/uploads\/2021\/03\/1pensionados-issste-1024x768.jpg 1024w, https:\/\/nvnoticias.mx\/wp-content\/uploads\/2021\/03\/1pensionados-issste-300x225.jpg 300w, https:\/\/nvnoticias.mx\/wp-content\/uploads\/2021\/03\/1pensionados-issste-768x576.jpg 768w, https:\/\/nvnoticias.mx\/wp-content\/uploads\/2021\/03\/1pensionados-issste-1536x1152.jpg 1536w, https:\/\/nvnoticias.mx\/wp-content\/uploads\/2021\/03\/1pensionados-issste.jpg 2016w\" sizes=\"auto, (max-width: 1024px) 100vw, 1024px\" \/><\/figure><\/li><li class=\"blocks-gallery-item\"><figure><img loading=\"lazy\" decoding=\"async\" width=\"1024\" height=\"768\" src=\"https:\/\/nvnoticias.mx\/wp-content\/uploads\/2021\/03\/3pensionados-issste-1024x768.jpg\" alt=\"\" data-id=\"8099\" data-full-url=\"https:\/\/nvnoticias.mx\/wp-content\/uploads\/2021\/03\/3pensionados-issste.jpg\" data-link=\"https:\/\/nvnoticias.mx\/?attachment_id=8099\" class=\"wp-image-8099\" srcset=\"https:\/\/nvnoticias.mx\/wp-content\/uploads\/2021\/03\/3pensionados-issste-1024x768.jpg 1024w, https:\/\/nvnoticias.mx\/wp-content\/uploads\/2021\/03\/3pensionados-issste-300x225.jpg 300w, https:\/\/nvnoticias.mx\/wp-content\/uploads\/2021\/03\/3pensionados-issste-768x576.jpg 768w, https:\/\/nvnoticias.mx\/wp-content\/uploads\/2021\/03\/3pensionados-issste-1536x1152.jpg 1536w, https:\/\/nvnoticias.mx\/wp-content\/uploads\/2021\/03\/3pensionados-issste.jpg 2016w\" sizes=\"auto, (max-width: 1024px) 100vw, 1024px\" \/><\/figure><\/li><\/ul><figcaption class=\"blocks-gallery-caption\">Fotos: Jes\u00fas Utrilla <\/figcaption><\/figure>\n\n\n\n<p>Acus\u00f3 que <strong>al cambiar de salario m\u00ednimo a UMA su pensi\u00f3n bajar\u00e1 por lo menos 25 por ciento.<\/strong><\/p>\n\n\n\n<p>Por ello buscan la intervenci\u00f3n del Ejecutivo Federal para que emita un decreto que revierta la UMA como factor de pago.<\/p>\n\n\n\n<blockquote class=\"wp-block-quote is-layout-flow wp-block-quote-is-layout-flow\"><p>\u201cNo queremos compensaciones queremos que el presidente emita un decreto donde diga claramente que las becas a nivel nacional y el pago de las pensiones sea en salarios m\u00ednimos no en UMAS\u201d.<\/p><\/blockquote>\n\n\n\n<p>Al Consejo de Jubilados y Pensionados de Veracruz AC. lo integran 577 personas, sin embargo, se sumaron afectados de otras organizaciones.<\/p>\n","protected":false},"excerpt":{"rendered":"<p>Jes\u00fas Utrilla \/ NV Noticias Veracruz.- Tal como lo anunciaron, pensionados del ISSSTE pertenecientes a diferentes organizaciones llevaron acabo un plant\u00f3n afuera de las instalaciones de la cl\u00ednica ubicada en Diaz Mir\u00f3n, en la ciudad de Veracruz. Rodolfo Su\u00e1rez Castellanos, presidente del Consejo de Jubilados y Pensionados de Veracruz AC., se\u00f1al\u00f3 que por determinaci\u00f3n de [&hellip;]<\/p>\n","protected":false},"author":6,"featured_media":8101,"comment_status":"open","ping_status":"open","sticky":false,"template":"","format":"standard","meta":{"_monsterinsights_skip_tracking":false,"_monsterinsights_sitenote_active":false,"_monsterinsights_sitenote_note":"","_monsterinsights_sitenote_category":0,"footnotes":""},"categories":[154],"tags":[1066,1012,2356,180],"class_list":["post-8098","post","type-post","status-publish","format-standard","has-post-thumbnail","hentry","category-veracruz","tag-issste","tag-pensionados","tag-planton","tag-veracruz","wp-image-borders"],"amp_enabled":true,"_links":{"self":[{"href":"https:\/\/nvnoticias.mx\/index.php\/wp-json\/wp\/v2\/posts\/8098","targetHints":{"allow":["GET"]}}],"collection":[{"href":"https:\/\/nvnoticias.mx\/index.php\/wp-json\/wp\/v2\/posts"}],"about":[{"href":"https:\/\/nvnoticias.mx\/index.php\/wp-json\/wp\/v2\/types\/post"}],"author":[{"embeddable":true,"href":"https:\/\/nvnoticias.mx\/index.php\/wp-json\/wp\/v2\/users\/6"}],"replies":[{"embeddable":true,"href":"https:\/\/nvnoticias.mx\/index.php\/wp-json\/wp\/v2\/comments?post=8098"}],"version-history":[{"count":2,"href":"https:\/\/nvnoticias.mx\/index.php\/wp-json\/wp\/v2\/posts\/8098\/revisions"}],"predecessor-version":[{"id":8105,"href":"https:\/\/nvnoticias.mx\/index.php\/wp-json\/wp\/v2\/posts\/8098\/revisions\/8105"}],"wp:featuredmedia":[{"embeddable":true,"href":"https:\/\/nvnoticias.mx\/index.php\/wp-json\/wp\/v2\/media\/8101"}],"wp:attachment":[{"href":"https:\/\/nvnoticias.mx\/index.php\/wp-json\/wp\/v2\/media?parent=8098"}],"wp:term":[{"taxonomy":"category","embeddable":true,"href":"https:\/\/nvnoticias.mx\/index.php\/wp-json\/wp\/v2\/categories?post=8098"},{"taxonomy":"post_tag","embeddable":true,"href":"https:\/\/nvnoticias.mx\/index.php\/wp-json\/wp\/v2\/tags?post=8098"}],"curies":[{"name":"wp","href":"https:\/\/api.w.org\/{rel}","templated":true}]}}