{"id":80893,"date":"2022-11-01T16:34:22","date_gmt":"2022-11-01T22:34:22","guid":{"rendered":"https:\/\/nvnoticias.mx\/?p=80893"},"modified":"2022-11-01T16:34:24","modified_gmt":"2022-11-01T22:34:24","slug":"rafael-nadal-no-jugara-el-abierto-de-acapulco-2023","status":"publish","type":"post","link":"https:\/\/nvnoticias.mx\/index.php\/2022\/11\/01\/rafael-nadal-no-jugara-el-abierto-de-acapulco-2023\/","title":{"rendered":"Rafael Nadal no jugar\u00e1 el Abierto de Acapulco 2023"},"content":{"rendered":"\n<p>El tenista espa\u00f1ol Rafael Nadal ha confirmado que no asistir\u00e1 al Abierto Mexicano de Tenis a disputarse en febrero de 2023 en Acapulco. De cara a su visita en diciembre a la capital mexicana, para el duelo de exhibici\u00f3n ante Casper Ruud, revel\u00f3 en entrevista para Azteca Deportes que se tratar\u00e1 de una de sus \u00faltimas visitas a nuestro pa\u00eds, por lo mismo la gran estrella del torneo mexicano no estar\u00e1 para celebrar los 30 a\u00f1os de historia junto a tenistas ya confirmados como Carlos Alcaraz y Stefanos Tsitsipas. <\/p>\n\n\n\n<blockquote class=\"wp-block-quote is-layout-flow wp-block-quote-is-layout-flow\"><p>\u201c<em>Soy muy consciente que probablemente sea una de las \u00faltimas veces que pueda estar jugando en Latinoam\u00e9rica, siendo tenista profesional el a\u00f1o que viene no voy a estar en Acapulco. No s\u00e9 si a nivel profesional voy a volver a estar en M\u00e9xico, se me antoja dif\u00edcil por eso espero poder disfrutar este momento de una manera \u00fanica y ojal\u00e1 el p\u00fablico mexicano responda y vivamos juntos un d\u00eda inolvidable<\/em>\u201d asegur\u00f3 el actual No. 2 del mundo. <\/p><\/blockquote>\n\n\n\n<p>Rafael Nadal se encuentra en Par\u00eds para disputar el Masters 1000 y con 36 a\u00f1os acaba de darle la bienvenida a su primer hijo. En reiteradas ocasiones ha revelado que la prioridad ser\u00e1 su familia y que ya no busca volver al No.1 del ranking mundial. Asegur\u00f3 sentirme emocionado por su visita a la Ciudad de M\u00e9xico el pr\u00f3ximo 1 de diciembre, donde espera poder ver La Plaza llena \u201cMe har\u00eda muy feliz, siempre me he sentido muy querido en M\u00e9xico y apoyado y la ilusi\u00f3n de jugar en la ciudad en un escenario tan emblem\u00e1tico y \u00fanico me pone nervioso, pero quiero que llegue el d\u00eda\u201d, sentenci\u00f3. <\/p>\n\n\n\n<p>Fuente: <a href=\"https:\/\/www.milenio.com\/deportes\/tenis\/rafael-nadal-jugara-abierto-mexicano-tenis-2023\">Milenio<\/a><\/p>\n","protected":false},"excerpt":{"rendered":"<p>El tenista espa\u00f1ol Rafael Nadal ha confirmado que no asistir\u00e1 al Abierto Mexicano de Tenis a disputarse en febrero de 2023 en Acapulco. De cara a su visita en diciembre a la capital mexicana, para el duelo de exhibici\u00f3n ante Casper Ruud, revel\u00f3 en entrevista para Azteca Deportes que se tratar\u00e1 de una de sus [&hellip;]<\/p>\n","protected":false},"author":8,"featured_media":42102,"comment_status":"open","ping_status":"open","sticky":false,"template":"","format":"standard","meta":{"_monsterinsights_skip_tracking":false,"_monsterinsights_sitenote_active":false,"_monsterinsights_sitenote_note":"","_monsterinsights_sitenote_category":0,"footnotes":""},"categories":[159],"tags":[20728,3609],"class_list":["post-80893","post","type-post","status-publish","format-standard","has-post-thumbnail","hentry","category-deportes","tag-abierto-de-acapulco","tag-rafael-nadal","wp-image-borders"],"amp_enabled":true,"_links":{"self":[{"href":"https:\/\/nvnoticias.mx\/index.php\/wp-json\/wp\/v2\/posts\/80893","targetHints":{"allow":["GET"]}}],"collection":[{"href":"https:\/\/nvnoticias.mx\/index.php\/wp-json\/wp\/v2\/posts"}],"about":[{"href":"https:\/\/nvnoticias.mx\/index.php\/wp-json\/wp\/v2\/types\/post"}],"author":[{"embeddable":true,"href":"https:\/\/nvnoticias.mx\/index.php\/wp-json\/wp\/v2\/users\/8"}],"replies":[{"embeddable":true,"href":"https:\/\/nvnoticias.mx\/index.php\/wp-json\/wp\/v2\/comments?post=80893"}],"version-history":[{"count":1,"href":"https:\/\/nvnoticias.mx\/index.php\/wp-json\/wp\/v2\/posts\/80893\/revisions"}],"predecessor-version":[{"id":80894,"href":"https:\/\/nvnoticias.mx\/index.php\/wp-json\/wp\/v2\/posts\/80893\/revisions\/80894"}],"wp:featuredmedia":[{"embeddable":true,"href":"https:\/\/nvnoticias.mx\/index.php\/wp-json\/wp\/v2\/media\/42102"}],"wp:attachment":[{"href":"https:\/\/nvnoticias.mx\/index.php\/wp-json\/wp\/v2\/media?parent=80893"}],"wp:term":[{"taxonomy":"category","embeddable":true,"href":"https:\/\/nvnoticias.mx\/index.php\/wp-json\/wp\/v2\/categories?post=80893"},{"taxonomy":"post_tag","embeddable":true,"href":"https:\/\/nvnoticias.mx\/index.php\/wp-json\/wp\/v2\/tags?post=80893"}],"curies":[{"name":"wp","href":"https:\/\/api.w.org\/{rel}","templated":true}]}}