{"id":80853,"date":"2022-11-01T14:33:42","date_gmt":"2022-11-01T20:33:42","guid":{"rendered":"https:\/\/nvnoticias.mx\/?p=80853"},"modified":"2022-11-01T14:33:43","modified_gmt":"2022-11-01T20:33:43","slug":"atletico-de-madrid-pierde-ante-el-porto-en-champions-y-queda-fuera-de-toda-competencia-europea","status":"publish","type":"post","link":"https:\/\/nvnoticias.mx\/index.php\/2022\/11\/01\/atletico-de-madrid-pierde-ante-el-porto-en-champions-y-queda-fuera-de-toda-competencia-europea\/","title":{"rendered":"Atl\u00e9tico de Madrid pierde ante el Porto en Champions y queda fuera de toda competencia Europea"},"content":{"rendered":"\n<p>El\u00a0Porto\u00a0derrot\u00f3 por 2-1 a un pobre\u00a0Atl\u00e9tico de Madrid, resultado que, tras el empate sin goles entre el\u00a0Leverkusen\u00a0y el\u00a0Brujas\u00a0en el otro juego del grupo B, dej\u00f3 a los de\u00a0Diego Simeone\u00a0fuera de toda competencia europea.<\/p>\n\n\n\n<p>Dormido inici\u00f3 el partido el conjunto colchonero, pues a los 5 minutos de iniciado el juego ya estaba perdiendo. Un preciso centro de\u00a0Evanilson\u00a0por la zona derecha del \u00e1rea visitante encontr\u00f3 al iran\u00ed\u00a0Mehdi Taremi, quien solo tuvo que empujarla ante un indefenso\u00a0Jan Oblak.<\/p>\n\n\n\n<p>Al conjunto colchonero le costaba entrar en el partido, pero de a poco reaccionaba en el estadio Do Dragao.<\/p>\n\n\n\n<p>Sin embargo, cuando por fin parec\u00eda que se estaban quitando de encima la f\u00e9rrea presi\u00f3n de los locales, lleg\u00f3 el 2-0 al minuto 24.\u00a0Wenderson Galeno\u00a0le anticip\u00f3 el bal\u00f3n por una banda, entr\u00f3 al \u00e1rea y meti\u00f3 un pase atr\u00e1s para que\u00a0Stephen Eust\u00e1quio\u00a0marcara el segundo tanto.<\/p>\n\n\n\n<p>El conjunto colchonero se vio desbordado y sobrepasado de principio a fin en el primer tiempo y el marcador no fue m\u00e1s amplio gracias a\u00a0Jan Oblak, el \u00fanico rescatable de los visitantes.<\/p>\n\n\n\n<p>En el segundo tiempo, los de Simeone mostraron un poco de m\u00e1s esp\u00edritu de lucha, pero en el fondo dejaban muchos espacios y en las contras el local llegaba con mucho riesgo, tanto as\u00ed que Taremi y Evanilson desperdiciaron un par de ocasiones claras para aumentar el marcador en los primeros minutos.<\/p>\n\n\n\n<p>Joao Felix, que se fue del campo muy molesto tras ser sustituido,\u00a0Antoine Griezmann\u00a0y Yannick Carrasco crearon las \u00fanicas opciones de los visitantes que terminaron siendo \u2018paseados\u2019 en el campo y que evit\u00f3 una goleada gracias a un gigantesco Oblak.<\/p>\n\n\n\n<p>En el \u00faltimo minuto de tiempo a\u00f1adido el Atl\u00e9tico encontr\u00f3 el descuento con un gol en propia puerta de\u00a0Ivan Marcano, pero ya era demasido tarde y el tanto solo sirvi\u00f3 para maquillar la derrota y el fracaso colchonreo.<\/p>\n\n\n\n<p>Con la derrota del Atl\u00e9tico y con el empate entre el Leverkusen y el Brujas, el club alem\u00e1n, por mejor gol diferencia ir\u00e1 a la\u00a0Europa League, mientras los espa\u00f1oles se quedaron sin nada y agrandaron su mal momento en las \u00faltimas semanas. Por su parte, el Porto termin\u00f3 l\u00edder y el Brujas avanz\u00f3 en segundo lugar.<\/p>\n\n\n\n<p>Fuente: <a href=\"https:\/\/www.tudn.com\/futbol\/uefa-champions-league\/atletico-cayo-con-porto-y-quedo-fuera-de-toda-las-competencias-europeas\">TUDN<\/a><\/p>\n","protected":false},"excerpt":{"rendered":"<p>El\u00a0Porto\u00a0derrot\u00f3 por 2-1 a un pobre\u00a0Atl\u00e9tico de Madrid, resultado que, tras el empate sin goles entre el\u00a0Leverkusen\u00a0y el\u00a0Brujas\u00a0en el otro juego del grupo B, dej\u00f3 a los de\u00a0Diego Simeone\u00a0fuera de toda competencia europea. Dormido inici\u00f3 el partido el conjunto colchonero, pues a los 5 minutos de iniciado el juego ya estaba perdiendo. Un preciso centro [&hellip;]<\/p>\n","protected":false},"author":8,"featured_media":80857,"comment_status":"open","ping_status":"open","sticky":false,"template":"","format":"standard","meta":{"_monsterinsights_skip_tracking":false,"_monsterinsights_sitenote_active":false,"_monsterinsights_sitenote_note":"","_monsterinsights_sitenote_category":0,"footnotes":""},"categories":[159],"tags":[3523,3426,20724,3098],"class_list":["post-80853","post","type-post","status-publish","format-standard","has-post-thumbnail","hentry","category-deportes","tag-atletico-de-madrid","tag-champions-league","tag-porto","tag-uefa","wp-image-borders"],"amp_enabled":true,"_links":{"self":[{"href":"https:\/\/nvnoticias.mx\/index.php\/wp-json\/wp\/v2\/posts\/80853","targetHints":{"allow":["GET"]}}],"collection":[{"href":"https:\/\/nvnoticias.mx\/index.php\/wp-json\/wp\/v2\/posts"}],"about":[{"href":"https:\/\/nvnoticias.mx\/index.php\/wp-json\/wp\/v2\/types\/post"}],"author":[{"embeddable":true,"href":"https:\/\/nvnoticias.mx\/index.php\/wp-json\/wp\/v2\/users\/8"}],"replies":[{"embeddable":true,"href":"https:\/\/nvnoticias.mx\/index.php\/wp-json\/wp\/v2\/comments?post=80853"}],"version-history":[{"count":1,"href":"https:\/\/nvnoticias.mx\/index.php\/wp-json\/wp\/v2\/posts\/80853\/revisions"}],"predecessor-version":[{"id":80858,"href":"https:\/\/nvnoticias.mx\/index.php\/wp-json\/wp\/v2\/posts\/80853\/revisions\/80858"}],"wp:featuredmedia":[{"embeddable":true,"href":"https:\/\/nvnoticias.mx\/index.php\/wp-json\/wp\/v2\/media\/80857"}],"wp:attachment":[{"href":"https:\/\/nvnoticias.mx\/index.php\/wp-json\/wp\/v2\/media?parent=80853"}],"wp:term":[{"taxonomy":"category","embeddable":true,"href":"https:\/\/nvnoticias.mx\/index.php\/wp-json\/wp\/v2\/categories?post=80853"},{"taxonomy":"post_tag","embeddable":true,"href":"https:\/\/nvnoticias.mx\/index.php\/wp-json\/wp\/v2\/tags?post=80853"}],"curies":[{"name":"wp","href":"https:\/\/api.w.org\/{rel}","templated":true}]}}