{"id":80843,"date":"2022-11-01T14:01:19","date_gmt":"2022-11-01T20:01:19","guid":{"rendered":"https:\/\/nvnoticias.mx\/?p=80843"},"modified":"2022-11-01T14:01:21","modified_gmt":"2022-11-01T20:01:21","slug":"niega-felipe-calderon-que-haya-investigacion-en-su-contra-en-la-haya","status":"publish","type":"post","link":"https:\/\/nvnoticias.mx\/index.php\/2022\/11\/01\/niega-felipe-calderon-que-haya-investigacion-en-su-contra-en-la-haya\/","title":{"rendered":"Niega Felipe Calder\u00f3n que haya investigaci\u00f3n en su contra en La Haya"},"content":{"rendered":"\n<p>El expresidente Felipe Calder\u00f3n refut\u00f3 las declaraciones del secretario de Gobernaci\u00f3n, Ad\u00e1n Augusto L\u00f3pez, sobre que existe una investigaci\u00f3n en su contra en La Haya por cr\u00edmenes de lesa humanidad.&nbsp;<\/p>\n\n\n\n<blockquote class=\"wp-block-quote is-layout-flow wp-block-quote-is-layout-flow\"><p>\u201cNo secretario Augusto, no existe ninguna investigaci\u00f3n internacional contra m\u00ed, tampoco en La Haya. Inf\u00f3rmese antes de hablar!\u00a0\u00a0Para mentir se requiere talento. Aqu\u00ed le dejo los casos bajo investigaci\u00f3n en la Corte Penal Internacional\u201d, escribi\u00f3 el exmandatario.\u00a0<\/p><\/blockquote>\n\n\n\n<p>Esto despu\u00e9s de que el secretario de Estado se\u00f1al\u00f3 que hay una denuncia internacional contra el panista por cr\u00edmenes de lesa humanidad derivado de la operaci\u00f3n \u201cR\u00e1pido y Furioso\u201d sobre tr\u00e1fico de armas.&nbsp;<\/p>\n\n\n\n<blockquote class=\"wp-block-quote is-layout-flow wp-block-quote-is-layout-flow\"><p>\u201cAqu\u00ed les digo, porque despu\u00e9s se malinterpretan las cosas, y a ustedes se los digo, s\u00ed hay, desde luego, una denuncia penal internacional presentada en La Haya, en los Pa\u00edses Bajos, en Holanda, en contra, entre otros, de Felipe Calder\u00f3n Hinojosa\u201d, declar\u00f3 Ad\u00e1n Augusto L\u00f3pez ayer en su visita al Congreso de Oaxaca.<\/p><\/blockquote>\n\n\n\n<p>En dos ocasiones el secretario de Gobernaci\u00f3n ha dicho que investigan al expresidente por la operaci\u00f3n R\u00e1pido y Furioso, que se llev\u00f3 a cabo contra el tr\u00e1fico de armas en tiempos del gobierno de Calder\u00f3n y que fue expuesta como una cooperaci\u00f3n \u201cindebida\u201d e \u201cilegal\u201d que signific\u00f3 el env\u00edo deliberado de armas desde Estados Unidos a M\u00e9xico para rastrearlas y capturar a bandas criminales, pero que seg\u00fan el gobierno de L\u00f3pez Obrador caus\u00f3 m\u00e1s violencia en el pa\u00eds al terminar en manos del crimen organizado.<\/p>\n\n\n\n<p>Fuente: <a href=\"https:\/\/www.forbes.com.mx\/felipe-calderon-niega-que-haya-investigacion-en-su-contra-en-la-haya\/\" data-type=\"URL\" data-id=\"https:\/\/www.forbes.com.mx\/felipe-calderon-niega-que-haya-investigacion-en-su-contra-en-la-haya\/\">Forbes<\/a><\/p>\n","protected":false},"excerpt":{"rendered":"<p>El expresidente Felipe Calder\u00f3n refut\u00f3 las declaraciones del secretario de Gobernaci\u00f3n, Ad\u00e1n Augusto L\u00f3pez, sobre que existe una investigaci\u00f3n en su contra en La Haya por cr\u00edmenes de lesa humanidad.&nbsp; \u201cNo secretario Augusto, no existe ninguna investigaci\u00f3n internacional contra m\u00ed, tampoco en La Haya. Inf\u00f3rmese antes de hablar!\u00a0\u00a0Para mentir se requiere talento. Aqu\u00ed le dejo [&hellip;]<\/p>\n","protected":false},"author":35,"featured_media":14962,"comment_status":"open","ping_status":"open","sticky":false,"template":"","format":"standard","meta":{"_monsterinsights_skip_tracking":false,"_monsterinsights_sitenote_active":false,"_monsterinsights_sitenote_note":"","_monsterinsights_sitenote_category":0,"footnotes":""},"categories":[158],"tags":[13543,852,20359,7927],"class_list":["post-80843","post","type-post","status-publish","format-standard","has-post-thumbnail","hentry","category-politica","tag-felipe-calderon","tag-investigacion","tag-la-haya","tag-niega","wp-image-borders"],"amp_enabled":true,"_links":{"self":[{"href":"https:\/\/nvnoticias.mx\/index.php\/wp-json\/wp\/v2\/posts\/80843","targetHints":{"allow":["GET"]}}],"collection":[{"href":"https:\/\/nvnoticias.mx\/index.php\/wp-json\/wp\/v2\/posts"}],"about":[{"href":"https:\/\/nvnoticias.mx\/index.php\/wp-json\/wp\/v2\/types\/post"}],"author":[{"embeddable":true,"href":"https:\/\/nvnoticias.mx\/index.php\/wp-json\/wp\/v2\/users\/35"}],"replies":[{"embeddable":true,"href":"https:\/\/nvnoticias.mx\/index.php\/wp-json\/wp\/v2\/comments?post=80843"}],"version-history":[{"count":1,"href":"https:\/\/nvnoticias.mx\/index.php\/wp-json\/wp\/v2\/posts\/80843\/revisions"}],"predecessor-version":[{"id":80844,"href":"https:\/\/nvnoticias.mx\/index.php\/wp-json\/wp\/v2\/posts\/80843\/revisions\/80844"}],"wp:featuredmedia":[{"embeddable":true,"href":"https:\/\/nvnoticias.mx\/index.php\/wp-json\/wp\/v2\/media\/14962"}],"wp:attachment":[{"href":"https:\/\/nvnoticias.mx\/index.php\/wp-json\/wp\/v2\/media?parent=80843"}],"wp:term":[{"taxonomy":"category","embeddable":true,"href":"https:\/\/nvnoticias.mx\/index.php\/wp-json\/wp\/v2\/categories?post=80843"},{"taxonomy":"post_tag","embeddable":true,"href":"https:\/\/nvnoticias.mx\/index.php\/wp-json\/wp\/v2\/tags?post=80843"}],"curies":[{"name":"wp","href":"https:\/\/api.w.org\/{rel}","templated":true}]}}