{"id":80831,"date":"2022-11-01T13:35:04","date_gmt":"2022-11-01T19:35:04","guid":{"rendered":"https:\/\/nvnoticias.mx\/?p=80831"},"modified":"2022-11-01T13:35:05","modified_gmt":"2022-11-01T19:35:05","slug":"anuncian-cartel-y-fecha-de-preventa-del-festival-ceremonia-2023","status":"publish","type":"post","link":"https:\/\/nvnoticias.mx\/index.php\/2022\/11\/01\/anuncian-cartel-y-fecha-de-preventa-del-festival-ceremonia-2023\/","title":{"rendered":"Anuncian cartel y fecha de preventa del festival Ceremonia 2023"},"content":{"rendered":"\n<p>El Festival\u00a0Ceremonia 2023, que se realizar\u00e1 los pr\u00f3ximos 1 y 2 de abril en el Parque Bicentenario, anunci\u00f3 el\u00a0cartel oficial\u00a0para su\u00a0d\u00e9cimo aniversario\u00a0encabezado por artistas como\u00a0Travis Scott, M.I.A y Jamie XX, entre algunas otras propuestas tanto nacionales como internacionales.<\/p>\n\n\n\n<p>En una jornada musical que tendr\u00e1\u00a0dos d\u00edas de duraci\u00f3n, la Ciudad de M\u00e9xico volver\u00e1 a ser testigo de las actividades sobre el escenario luego de que el popular evento cambiara de sede desde el Foro Pegaso de Toluca, en el Estado de M\u00e9xico.<\/p>\n\n\n\n<h4 class=\"wp-block-heading\">Este es el cartel del Ceremonia 2023<\/h4>\n\n\n\n<p>Aunque se especific\u00f3 que habr\u00e1n\u00a0m\u00e1s actos por confirmar\u00a0en los pr\u00f3ximos d\u00edas, ya se conocen las agrupaciones y solistas que se presentar\u00e1n ante cientos de fans mexicanos con sus \u00e9xitos.<\/p>\n\n\n\n<ul class=\"wp-block-list\"><li>Travis Scott<\/li><li>M.I.A<\/li><li>Jamie XX<\/li><li>Fred Again..<\/li><li>Moderat<\/li><li>Tokischa<\/li><li>Julieta Venegas<\/li><li>L\u2019Imp\u00e9ratrice<\/li><li>Willow<\/li><li>Honey Dijon<\/li><li>Junior H<\/li><li>Trueno<\/li><li>Villano Antillano<\/li><li>Eme MalaFe<\/li><li>TR\/ST<\/li><li>Rojuu<\/li><li>Tayhana Club Latinx Experience<\/li><li>Domi &amp; JD Beck<\/li><li>Usted Se\u00f1\u00e1lemelo<\/li><li>Louta<\/li><li>Taichu<\/li><li>Avalon Emerson<\/li><li>Opium G<\/li><li>NSQK<\/li><li>La Goony Chonga<\/li><li>Zizzy<\/li><li>Ethel Cain<\/li><li>El Malilla<\/li><li>LSDXOXO<\/li><li>Friolento<\/li><li>Rebe<\/li><li>Crystallmess<\/li><li>Zemmoa<\/li><li>Rubio<\/li><li>Go Golden Junk<\/li><li>Yoshi<\/li><li>Mehro<\/li><li>Meth Math<\/li><li>GRLS<\/li><li>DJ Guapis<\/li><li>Foudeqush<\/li><li>Cuauh.<\/li><\/ul>\n\n\n\n<figure class=\"wp-block-embed aligncenter is-type-rich is-provider-twitter wp-block-embed-twitter\"><div class=\"wp-block-embed__wrapper\">\n<blockquote class=\"twitter-tweet\" data-width=\"550\" data-dnt=\"true\"><p lang=\"es\" dir=\"ltr\">10 a\u00f1os de Ceremonia ???? <br>Preventa Citibanamex &#8211; 4 de noviembre &#8211; 2 PM ???? <a href=\"https:\/\/t.co\/S62mUyI3Ow\">https:\/\/t.co\/S62mUyI3Ow<\/a> <a href=\"https:\/\/t.co\/zD84cf5jh9\">pic.twitter.com\/zD84cf5jh9<\/a><\/p>&mdash; Festival Ceremonia (@CeremoniaFest) <a href=\"https:\/\/twitter.com\/CeremoniaFest\/status\/1587505500412846082?ref_src=twsrc%5Etfw\">November 1, 2022<\/a><\/blockquote><script async src=\"https:\/\/platform.twitter.com\/widgets.js\" charset=\"utf-8\"><\/script>\n<\/div><\/figure>\n\n\n\n<p>La\u00a0preventa\u00a0para clientes citibanamex se llevar\u00e1 a cabo el pr\u00f3ximo viernes\u00a04 de noviembre\u00a0desde las 14:00 horas, por lo que la venta general de abonos comenzar\u00e1 un d\u00eda despu\u00e9s.<\/p>\n\n\n\n<p>De acuerdo a la informaci\u00f3n que se dio a conocer hace unas semanas, estos fueron los precios de los boletos en su primera etapa, disponibles a trav\u00e9s del sistema de\u00a0Ticketmaster.<\/p>\n\n\n\n<ul class=\"wp-block-list\"><li>Abono general: 2 mil 820 pesos<\/li><li>Abono Comfort Pass: 3 mil 600 pesos<\/li><li>Abono Plus: 4 mil 320 pesos.<\/li><\/ul>\n\n\n\n<p>En la edici\u00f3n de 2022, los asistentes pudieron disfrutar de las actuaciones de Nicki Nicole, A$AP Rocky<em>,\u00a0<\/em>Molchat Doma, Robot95, Samantha Barr\u00f3n, Mathilde Sobrino, Natanael Cano y C. Tangana, entre otros.<\/p>\n\n\n\n<p>Fuente: <a href=\"https:\/\/www.elfinanciero.com.mx\/entretenimiento\/2022\/11\/01\/ceremonia-2023-anuncian-cartel-y-fecha-de-preventa-del-festival\/?outputType=amp\">El Financiero<\/a><\/p>\n","protected":false},"excerpt":{"rendered":"<p>El Festival\u00a0Ceremonia 2023, que se realizar\u00e1 los pr\u00f3ximos 1 y 2 de abril en el Parque Bicentenario, anunci\u00f3 el\u00a0cartel oficial\u00a0para su\u00a0d\u00e9cimo aniversario\u00a0encabezado por artistas como\u00a0Travis Scott, M.I.A y Jamie XX, entre algunas otras propuestas tanto nacionales como internacionales. En una jornada musical que tendr\u00e1\u00a0dos d\u00edas de duraci\u00f3n, la Ciudad de M\u00e9xico volver\u00e1 a ser testigo [&hellip;]<\/p>\n","protected":false},"author":8,"featured_media":80832,"comment_status":"open","ping_status":"open","sticky":false,"template":"","format":"standard","meta":{"_monsterinsights_skip_tracking":false,"_monsterinsights_sitenote_active":false,"_monsterinsights_sitenote_note":"","_monsterinsights_sitenote_category":0,"footnotes":""},"categories":[576],"tags":[20714,16223],"class_list":["post-80831","post","type-post","status-publish","format-standard","has-post-thumbnail","hentry","category-ocio","tag-festival-ceremonia-2023","tag-preventa","wp-image-borders"],"amp_enabled":true,"_links":{"self":[{"href":"https:\/\/nvnoticias.mx\/index.php\/wp-json\/wp\/v2\/posts\/80831","targetHints":{"allow":["GET"]}}],"collection":[{"href":"https:\/\/nvnoticias.mx\/index.php\/wp-json\/wp\/v2\/posts"}],"about":[{"href":"https:\/\/nvnoticias.mx\/index.php\/wp-json\/wp\/v2\/types\/post"}],"author":[{"embeddable":true,"href":"https:\/\/nvnoticias.mx\/index.php\/wp-json\/wp\/v2\/users\/8"}],"replies":[{"embeddable":true,"href":"https:\/\/nvnoticias.mx\/index.php\/wp-json\/wp\/v2\/comments?post=80831"}],"version-history":[{"count":1,"href":"https:\/\/nvnoticias.mx\/index.php\/wp-json\/wp\/v2\/posts\/80831\/revisions"}],"predecessor-version":[{"id":80833,"href":"https:\/\/nvnoticias.mx\/index.php\/wp-json\/wp\/v2\/posts\/80831\/revisions\/80833"}],"wp:featuredmedia":[{"embeddable":true,"href":"https:\/\/nvnoticias.mx\/index.php\/wp-json\/wp\/v2\/media\/80832"}],"wp:attachment":[{"href":"https:\/\/nvnoticias.mx\/index.php\/wp-json\/wp\/v2\/media?parent=80831"}],"wp:term":[{"taxonomy":"category","embeddable":true,"href":"https:\/\/nvnoticias.mx\/index.php\/wp-json\/wp\/v2\/categories?post=80831"},{"taxonomy":"post_tag","embeddable":true,"href":"https:\/\/nvnoticias.mx\/index.php\/wp-json\/wp\/v2\/tags?post=80831"}],"curies":[{"name":"wp","href":"https:\/\/api.w.org\/{rel}","templated":true}]}}