{"id":80733,"date":"2022-10-31T16:10:51","date_gmt":"2022-10-31T22:10:51","guid":{"rendered":"https:\/\/nvnoticias.mx\/?p=80733"},"modified":"2022-10-31T16:11:18","modified_gmt":"2022-10-31T22:11:18","slug":"si-hay-denuncia-contra-calderon-por-rapido-y-furioso-adan-augusto-lopez","status":"publish","type":"post","link":"https:\/\/nvnoticias.mx\/index.php\/2022\/10\/31\/si-hay-denuncia-contra-calderon-por-rapido-y-furioso-adan-augusto-lopez\/","title":{"rendered":"S\u00ed hay denuncia contra Calder\u00f3n por \u2018R\u00e1pido y Furioso: Ad\u00e1n Augusto L\u00f3pez"},"content":{"rendered":"\n<p>El secretario de Gobernaci\u00f3n, Ad\u00e1n Augusto L\u00f3pez, asegur\u00f3 que s\u00ed existe una denuncia internacional en La Haya contra el ex presidente Felipe Calder\u00f3n por cr\u00edmenes de lesa humanidad, derivados de la operaci\u00f3n R\u00e1pido y Furioso, en el que se vendieron armas al crimen organizado.<\/p>\n\n\n\n<p> Desde el Congreso de Oaxaca para hablar de la reforma constitucional para ampliar las tareas de seguridad de las fuerzas armadas, el funcionario explic\u00f3 que la denuncia fue presentada en la Corte Penal Internacional y se encuentra en el periodo de integraci\u00f3n de pruebas, por lo que \u201cseguramente va a haber justicia\u201d. <\/p>\n\n\n\n<blockquote class=\"wp-block-quote is-layout-flow wp-block-quote-is-layout-flow\"><p>\u201cEsta investigaci\u00f3n, esta denuncia que est\u00e1 presentada en la Corte Penal Internacional, para serles m\u00e1s preciso, les voy a pasar el dato, la denuncia fue presentada en la Fiscal\u00eda General de la Corte Internacional y sabemos que est\u00e1 en periodo de integraci\u00f3n, est\u00e1n llegando todas las pruebas\u201d, dijo.\u00a0 <\/p><\/blockquote>\n\n\n\n<p>L\u00f3pez Hernandez insisti\u00f3 que \u201cquienes la hicieron, tengan la seguridad que la van a pagar\u201d, y puso de prueba que el secretario de Seguridad de ese sexenio, Genaro Garc\u00eda Luna, se encuentra detenido. Por ello, consider\u00f3 que las investigaciones y la denuncia deben de llegar hasta las \u00faltimas consecuencias. <\/p>\n\n\n\n<p>Fuente: <a href=\"https:\/\/www.milenio.com\/politica\/felipe-calderon-denuncia-rapido-furioso-segob\" data-type=\"URL\" data-id=\"https:\/\/www.milenio.com\/politica\/felipe-calderon-denuncia-rapido-furioso-segob\">Milenio<\/a><\/p>\n","protected":false},"excerpt":{"rendered":"<p>El secretario de Gobernaci\u00f3n, Ad\u00e1n Augusto L\u00f3pez, asegur\u00f3 que s\u00ed existe una denuncia internacional en La Haya contra el ex presidente Felipe Calder\u00f3n por cr\u00edmenes de lesa humanidad, derivados de la operaci\u00f3n R\u00e1pido y Furioso, en el que se vendieron armas al crimen organizado. Desde el Congreso de Oaxaca para hablar de la reforma constitucional [&hellip;]<\/p>\n","protected":false},"author":35,"featured_media":14962,"comment_status":"open","ping_status":"open","sticky":false,"template":"","format":"standard","meta":{"_monsterinsights_skip_tracking":false,"_monsterinsights_sitenote_active":false,"_monsterinsights_sitenote_note":"","_monsterinsights_sitenote_category":0,"footnotes":""},"categories":[158],"tags":[16465,5459,13543],"class_list":["post-80733","post","type-post","status-publish","format-standard","has-post-thumbnail","hentry","category-politica","tag-adan-augusto-lopez","tag-contra","tag-felipe-calderon","wp-image-borders"],"amp_enabled":true,"_links":{"self":[{"href":"https:\/\/nvnoticias.mx\/index.php\/wp-json\/wp\/v2\/posts\/80733","targetHints":{"allow":["GET"]}}],"collection":[{"href":"https:\/\/nvnoticias.mx\/index.php\/wp-json\/wp\/v2\/posts"}],"about":[{"href":"https:\/\/nvnoticias.mx\/index.php\/wp-json\/wp\/v2\/types\/post"}],"author":[{"embeddable":true,"href":"https:\/\/nvnoticias.mx\/index.php\/wp-json\/wp\/v2\/users\/35"}],"replies":[{"embeddable":true,"href":"https:\/\/nvnoticias.mx\/index.php\/wp-json\/wp\/v2\/comments?post=80733"}],"version-history":[{"count":2,"href":"https:\/\/nvnoticias.mx\/index.php\/wp-json\/wp\/v2\/posts\/80733\/revisions"}],"predecessor-version":[{"id":80735,"href":"https:\/\/nvnoticias.mx\/index.php\/wp-json\/wp\/v2\/posts\/80733\/revisions\/80735"}],"wp:featuredmedia":[{"embeddable":true,"href":"https:\/\/nvnoticias.mx\/index.php\/wp-json\/wp\/v2\/media\/14962"}],"wp:attachment":[{"href":"https:\/\/nvnoticias.mx\/index.php\/wp-json\/wp\/v2\/media?parent=80733"}],"wp:term":[{"taxonomy":"category","embeddable":true,"href":"https:\/\/nvnoticias.mx\/index.php\/wp-json\/wp\/v2\/categories?post=80733"},{"taxonomy":"post_tag","embeddable":true,"href":"https:\/\/nvnoticias.mx\/index.php\/wp-json\/wp\/v2\/tags?post=80733"}],"curies":[{"name":"wp","href":"https:\/\/api.w.org\/{rel}","templated":true}]}}