{"id":80716,"date":"2022-10-31T14:09:11","date_gmt":"2022-10-31T20:09:11","guid":{"rendered":"https:\/\/nvnoticias.mx\/?p=80716"},"modified":"2022-10-31T14:09:13","modified_gmt":"2022-10-31T20:09:13","slug":"realizan-cambios-en-la-tercera-region-naval-llega-raul-perez-vazquez","status":"publish","type":"post","link":"https:\/\/nvnoticias.mx\/index.php\/2022\/10\/31\/realizan-cambios-en-la-tercera-region-naval-llega-raul-perez-vazquez\/","title":{"rendered":"Realizan cambios en la Tercera Regi\u00f3n Naval; llega Ra\u00fal P\u00e9rez V\u00e1zquez"},"content":{"rendered":"\n<p><strong>Jes\u00fas Utrilla \/ NV Noticias<\/strong><\/p>\n\n\n\n<p>Con fundamento a los Art\u00edculos 6, 61 y 62 de la Ley Org\u00e1nica de la Armada de M\u00e9xico y al Art\u00edculo 11 Fracci\u00f3n Tercera, se efectu\u00f3 el cese de Fernando Alfonso Angli Rodr\u00edguez, como comandante de la Tercera Regi\u00f3n pero seguir\u00e1 perteneciendo a la Marina.<\/p>\n\n\n\n<p>Adem\u00e1s Raul P\u00e9rez V\u00e1squez caus\u00f3 baja de la Sexta Regi\u00f3n Naval y se le design\u00f3 comandante de la Tercera Regi\u00f3n, con sede en Veracruz.<\/p>\n\n\n\n<p>La ceremonia de entrega- recepci\u00f3n se llev\u00f3 a cabo en Plaza de la Rep\u00fablica, de la ciudad de Veracruz.<\/p>\n\n\n\n<p>Jos\u00e9 Tom\u00e1s Jorge Tress Zili, inspector y contralor general de la Secretar\u00eda de Marina, fue el interventor del mando de armas y tom\u00f3 protesta a Ra\u00fal P\u00e9rez V\u00e1squez.<\/p>\n\n\n\n<p>Ra\u00fal P\u00e9rez V\u00e1squez a lo largo de su trayectoria profesional se ha desempe\u00f1ado en diferentes cargos en la Secretar\u00eda de Marina, Armada de M\u00e9xico, en donde se destaca, el cargo de Oficial Subalterno; Jefe de M\u00e1quinas y Segundo Comandante en diversas unidades de superficie de la Armada de M\u00e9xico; Comandante del Buque Patrulla Costera ARM Huichol y de la Patrulla Oce\u00e1nica ARM Vallarta; Jefe del Grupo de Comando del Subsector Naval de lsla Socorro.<\/p>\n\n\n\n<p>Tambi\u00e9n fue Jefe de Secci\u00f3n de la Jefatura de Control de Comando en el Sector Naval de manzanillo.<\/p>\n\n\n\n<blockquote class=\"wp-block-quote is-layout-flow wp-block-quote-is-layout-flow\"><p>\u201c<em>Efectu\u00f3 tambi\u00e9n el curso superior de defensa y seguridad en el Colegio Interamericano de Defensa en Estados Unidos y el curso avanzado de pol\u00edtica y defensa en ese mismo pa\u00eds<\/em>\u201d.\u00a0<\/p><\/blockquote>\n\n\n\n<p>El movimiento fue parte de la rotaci\u00f3n permanente de la instituci\u00f3n.<\/p>\n","protected":false},"excerpt":{"rendered":"<p>Jes\u00fas Utrilla \/ NV Noticias Con fundamento a los Art\u00edculos 6, 61 y 62 de la Ley Org\u00e1nica de la Armada de M\u00e9xico y al Art\u00edculo 11 Fracci\u00f3n Tercera, se efectu\u00f3 el cese de Fernando Alfonso Angli Rodr\u00edguez, como comandante de la Tercera Regi\u00f3n pero seguir\u00e1 perteneciendo a la Marina. Adem\u00e1s Raul P\u00e9rez V\u00e1squez caus\u00f3 [&hellip;]<\/p>\n","protected":false},"author":8,"featured_media":80717,"comment_status":"open","ping_status":"open","sticky":false,"template":"","format":"standard","meta":{"_monsterinsights_skip_tracking":false,"_monsterinsights_sitenote_active":false,"_monsterinsights_sitenote_note":"","_monsterinsights_sitenote_category":0,"footnotes":""},"categories":[154],"tags":[17254],"class_list":["post-80716","post","type-post","status-publish","format-standard","has-post-thumbnail","hentry","category-veracruz","tag-tercera-region-naval","wp-image-borders"],"amp_enabled":true,"_links":{"self":[{"href":"https:\/\/nvnoticias.mx\/index.php\/wp-json\/wp\/v2\/posts\/80716","targetHints":{"allow":["GET"]}}],"collection":[{"href":"https:\/\/nvnoticias.mx\/index.php\/wp-json\/wp\/v2\/posts"}],"about":[{"href":"https:\/\/nvnoticias.mx\/index.php\/wp-json\/wp\/v2\/types\/post"}],"author":[{"embeddable":true,"href":"https:\/\/nvnoticias.mx\/index.php\/wp-json\/wp\/v2\/users\/8"}],"replies":[{"embeddable":true,"href":"https:\/\/nvnoticias.mx\/index.php\/wp-json\/wp\/v2\/comments?post=80716"}],"version-history":[{"count":1,"href":"https:\/\/nvnoticias.mx\/index.php\/wp-json\/wp\/v2\/posts\/80716\/revisions"}],"predecessor-version":[{"id":80718,"href":"https:\/\/nvnoticias.mx\/index.php\/wp-json\/wp\/v2\/posts\/80716\/revisions\/80718"}],"wp:featuredmedia":[{"embeddable":true,"href":"https:\/\/nvnoticias.mx\/index.php\/wp-json\/wp\/v2\/media\/80717"}],"wp:attachment":[{"href":"https:\/\/nvnoticias.mx\/index.php\/wp-json\/wp\/v2\/media?parent=80716"}],"wp:term":[{"taxonomy":"category","embeddable":true,"href":"https:\/\/nvnoticias.mx\/index.php\/wp-json\/wp\/v2\/categories?post=80716"},{"taxonomy":"post_tag","embeddable":true,"href":"https:\/\/nvnoticias.mx\/index.php\/wp-json\/wp\/v2\/tags?post=80716"}],"curies":[{"name":"wp","href":"https:\/\/api.w.org\/{rel}","templated":true}]}}