{"id":80710,"date":"2022-10-31T13:53:26","date_gmt":"2022-10-31T19:53:26","guid":{"rendered":"https:\/\/nvnoticias.mx\/?p=80710"},"modified":"2022-10-31T13:53:28","modified_gmt":"2022-10-31T19:53:28","slug":"gran-premio-de-mexico-rompe-record-de-asistencia","status":"publish","type":"post","link":"https:\/\/nvnoticias.mx\/index.php\/2022\/10\/31\/gran-premio-de-mexico-rompe-record-de-asistencia\/","title":{"rendered":"Gran Premio de M\u00e9xico rompe r\u00e9cord de asistencia"},"content":{"rendered":"\n<p>El\u00a0Gran Premio de M\u00e9xico\u00a0fue una gran fiesta que paraliz\u00f3 al pa\u00eds, sobre todo a la capital, porque el automovilismo ha tenido una mayor relevancia gracias a la gran temporada que est\u00e1 teniendo\u00a0Sergio P\u00e9rez\u00a0en lo que va de la temporada.<\/p>\n\n\n\n<p>El\u00a0Aut\u00f3dromo Hermanos Rodr\u00edguez\u00a0tuvo una espectacular entrada, misma que registr\u00f3 un nuevo r\u00e9cord para la carrera que se lleva a cabo cada a\u00f1o en nuestro pa\u00eds y as\u00ed superar a la asistencia del 2021 con cerca de 400 mil aficionados.<\/p>\n\n\n\n<p>Desde las primeras pr\u00e1cticas hasta la carrera. Cada d\u00eda de actividad se vio superada en asistentes. El viernes de pr\u00e1cticas tuvo 108,981 persona, de acuerdo al comit\u00e9 organizador. El s\u00e1bado, d\u00eda de la tercera pr\u00e1ctica y la calificaci\u00f3n, asistieron 140,987 aficionados.<\/p>\n\n\n\n<p>El d\u00eda domingo acudieron al recinto de la\u00a0Magdalena Mixihuca\u00a0145,811 para contabilizar un total de 395,902 asistentes a lo largo de los tres d\u00edas de actividad. Cabe destacar que los organizadores colocaron m\u00e1s gradas en diferentes zonas, ya que los boletos se agotaron en menos de 24 horas el d\u00eda que salieron a la venta.<\/p>\n\n\n\n<p>Fuente: <a href=\"https:\/\/www.eluniversal.com.mx\/universal-deportes\/gran-premio-de-mexico-rompe-record-de-asistencia\">El Universal<\/a><\/p>\n","protected":false},"excerpt":{"rendered":"<p>El\u00a0Gran Premio de M\u00e9xico\u00a0fue una gran fiesta que paraliz\u00f3 al pa\u00eds, sobre todo a la capital, porque el automovilismo ha tenido una mayor relevancia gracias a la gran temporada que est\u00e1 teniendo\u00a0Sergio P\u00e9rez\u00a0en lo que va de la temporada. El\u00a0Aut\u00f3dromo Hermanos Rodr\u00edguez\u00a0tuvo una espectacular entrada, misma que registr\u00f3 un nuevo r\u00e9cord para la carrera que [&hellip;]<\/p>\n","protected":false},"author":8,"featured_media":80711,"comment_status":"open","ping_status":"open","sticky":false,"template":"","format":"standard","meta":{"_monsterinsights_skip_tracking":false,"_monsterinsights_sitenote_active":false,"_monsterinsights_sitenote_note":"","_monsterinsights_sitenote_category":0,"footnotes":""},"categories":[159],"tags":[3320,6611,1484],"class_list":["post-80710","post","type-post","status-publish","format-standard","has-post-thumbnail","hentry","category-deportes","tag-aficion","tag-gran-premio-de-mexico","tag-record","wp-image-borders"],"amp_enabled":true,"_links":{"self":[{"href":"https:\/\/nvnoticias.mx\/index.php\/wp-json\/wp\/v2\/posts\/80710","targetHints":{"allow":["GET"]}}],"collection":[{"href":"https:\/\/nvnoticias.mx\/index.php\/wp-json\/wp\/v2\/posts"}],"about":[{"href":"https:\/\/nvnoticias.mx\/index.php\/wp-json\/wp\/v2\/types\/post"}],"author":[{"embeddable":true,"href":"https:\/\/nvnoticias.mx\/index.php\/wp-json\/wp\/v2\/users\/8"}],"replies":[{"embeddable":true,"href":"https:\/\/nvnoticias.mx\/index.php\/wp-json\/wp\/v2\/comments?post=80710"}],"version-history":[{"count":1,"href":"https:\/\/nvnoticias.mx\/index.php\/wp-json\/wp\/v2\/posts\/80710\/revisions"}],"predecessor-version":[{"id":80712,"href":"https:\/\/nvnoticias.mx\/index.php\/wp-json\/wp\/v2\/posts\/80710\/revisions\/80712"}],"wp:featuredmedia":[{"embeddable":true,"href":"https:\/\/nvnoticias.mx\/index.php\/wp-json\/wp\/v2\/media\/80711"}],"wp:attachment":[{"href":"https:\/\/nvnoticias.mx\/index.php\/wp-json\/wp\/v2\/media?parent=80710"}],"wp:term":[{"taxonomy":"category","embeddable":true,"href":"https:\/\/nvnoticias.mx\/index.php\/wp-json\/wp\/v2\/categories?post=80710"},{"taxonomy":"post_tag","embeddable":true,"href":"https:\/\/nvnoticias.mx\/index.php\/wp-json\/wp\/v2\/tags?post=80710"}],"curies":[{"name":"wp","href":"https:\/\/api.w.org\/{rel}","templated":true}]}}