{"id":80629,"date":"2022-10-31T10:53:47","date_gmt":"2022-10-31T16:53:47","guid":{"rendered":"https:\/\/nvnoticias.mx\/?p=80629"},"modified":"2022-10-31T10:53:48","modified_gmt":"2022-10-31T16:53:48","slug":"consultoria-juridica-de-genero","status":"publish","type":"post","link":"https:\/\/nvnoticias.mx\/index.php\/2022\/10\/31\/consultoria-juridica-de-genero\/","title":{"rendered":"Consultor\u00eda Jur\u00eddica de G\u00e9nero"},"content":{"rendered":"\n<p><strong>Gladys de L. P\u00e9rez Maldonado.<\/strong><\/p>\n\n\n\n<p>Cada ma\u00f1ana que despierto, agradezco de ser quien soy y comienzo mi d\u00eda organizando mentalmente las ocupaciones del hogar, las del trabajo y despu\u00e9s de varias actividades rutinarias como tomar caf\u00e9, revisar las redes, quedo lista para salir a la jungla que me enfrento todos los d\u00edas, SI, al desaf\u00edo constante por el respeto de mi Yo, \u00bflo hab\u00edan pensado de esta manera alguna vez?<\/p>\n\n\n\n<p>Pues bien, d\u00e9jenme explicarme, soy una mujer que d\u00eda a d\u00eda lucha por la igualdad de oportunidades y el respeto de mis derechos humanos, crec\u00ed en una familia ciento por ciento feminista, en la que nunca me discriminaron por ser mujer y siempre me ense\u00f1aron que mis derechos tienen que ser respetados por los dem\u00e1s, que yo tengo un valor en la sociedad por el hecho de Ser y que para merecer en la vida profesional y personal deb\u00eda prepararme para llegar a ser competitiva respecto de los dem\u00e1s, me ense\u00f1aron con el ejemplo, que nada es gratis.<\/p>\n\n\n\n<p>As\u00ed, surg\u00ed como profesionista, como esposa y madre y entonces a vivir la realidad de la vida.<\/p>\n\n\n\n<p>La mujer por costumbre y estereotipos sociales, se ha ubicado en actividades de \u201cpoco esfuerzo\u201d y lo pongo entre comillas porque yo sostengo que son actividades de mucha responsabilidad, como administrar el dinero del hogar, estar pendientes de la educaci\u00f3n de los hijos y todo lo que conlleva las obligaciones dom\u00e9sticas.<\/p>\n\n\n\n<p>Veo con agrado, que las mujeres y los hombres de nuevas generaciones (millenians), superan diariamente los estereotipos de g\u00e9nero.<\/p>\n\n\n\n<p>La sociedad ha evolucionado, esa sociedad en la que yo crec\u00ed, ya no es la misma. Ahora se habla de los derechos de las madres solteras, de la&nbsp; despenalizaci\u00f3n del aborto, de la diversidad sexogen\u00e9rica, nuevas masculinidades, entre otras cosas, sin embargo, tambi\u00e9n se comenta y toma nota importante en los medios de comunicaci\u00f3n, en el Congreso de la Uni\u00f3n y los Congresos locales, as\u00ed como en la sociedad civil del aumento de la violencia en contra de la mujer con la denostable cifra oficial de 11 mujeres muertas diariamente por femenicidio, adem\u00e1s de la violencia familiar que afecta a las hijas e hijos, de la discriminaci\u00f3n laboral y de la inseguridad p\u00fablica en nuestro pa\u00eds.<\/p>\n\n\n\n<p>&nbsp;&nbsp;&nbsp;&nbsp;&nbsp;&nbsp;&nbsp;&nbsp;&nbsp;&nbsp;&nbsp; El mundo se vio afectado por una pandemia de salud que nadie esperaba y tampoco hab\u00eda un libro escrito para enfrentarla.<\/p>\n\n\n\n<p>Acompa\u00f1ada con esta realidad social que vivimos, no podemos dejar de lado la situaci\u00f3n que enfrentaron las mujeres y las ni\u00f1as ante este momento de crisis de salud p\u00fablica, se vieron afectadas de manera diferenciada.<\/p>\n\n\n\n<p>Las mujeres en momentos de contingencia act\u00faan como l\u00edderes en sus comunidades, y est\u00e1n en la primera l\u00ednea de respuesta al cuidado de otros, ellas fueron m\u00e1s afectadas por el impacto econ\u00f3mico, las mujeres trabajan desproporcionadamente de manera informal, el aislamiento en casa impidi\u00f3 cubrir las necesidades b\u00e1sicas de sus familias \u2013 hijas\/os, padres y pareja con alguna discapacidad-, los servicios de salud desviaron recursos -lo que reconoci\u00f3 recientemente en una ma\u00f1anera el Presidente de la Rep\u00fablica- destinados a la atenci\u00f3n pre natal, pos natal y de los servicios de salud sexual y reproductiva, para atender la epidemia nacional, y adem\u00e1s inmesurablemente aument\u00f3 la violencia familiar, la violencia de g\u00e9nero.<\/p>\n\n\n\n<p>La violencia hacia las mujeres y las ni\u00f1as es un problema de salud p\u00fablica y social y el Estado debi\u00f3 tomarlo en cuenta e implementar pol\u00edticas p\u00fablicas de emergencia para atajar este fen\u00f3meno existente, que subi\u00f3 los n\u00fameros estad\u00edsticos de violencia contra la mujer en M\u00e9xico. El Instituto Nacional de las Mujeres (INMUJERES), hizo un llamado a reconocer que la cuarentena Covid-19, tuvo impactos diferenciados para las mujeres, las ni\u00f1as, los ni\u00f1os y grupos de atenci\u00f3n prioritaria.<\/p>\n\n\n\n<p>Es una realidad que el acoso sexual, la lucha de las mujeres para romper los techos de cristal, el trato discriminatorio del superior jer\u00e1rquico con ellas y grupos de atenci\u00f3n prioritaria, la violencia laboral e institucional y el aumento de denuncias en medios digitales y judiciales generan un ambiente hostil que afecta la productividad y competitividad en las instituciones educativas, en las empresas de la iniciativa privada y en los entes de los tres poderes de gobierno federal y locales: Ejecutivo, Legislativo y Judicial.<\/p>\n\n\n\n<p>Convencida que esta situaci\u00f3n social debe cambiar y que ninguna trinchera es peque\u00f1a, fundamos <strong><em>\u201cLa Consultor\u00eda Jur\u00eddica de G\u00e9nero\u201d <\/em><\/strong>.<\/p>\n\n\n\n<p>Somos un equipo de mujeres y hombres profesionales del Derecho, Derechos Humanos, Administraci\u00f3n P\u00fablica, Psicolog\u00eda, Sociolog\u00eda y Antropolog\u00eda con experiencia en el \u00e1mbito p\u00fablico y privado, con convicci\u00f3n que la capacitaci\u00f3n y asesor\u00eda externa a los centros acad\u00e9micos, empresas e instituciones p\u00fablicas es necesaria para reducir y eliminar los diversos tipos de violencia e inseguridad p\u00fablica que se viven en la actualidad, pues si se concientiza y se construye un cambio cultural a unos pocos, permea en unos muchos en el c\u00edrculo familiar y a trav\u00e9s de un tiempo no lejano se lograr\u00e1 vivir en una sociedad m\u00e1s libre.<\/p>\n\n\n\n<p><strong><em>La Consultor\u00eda <\/em><\/strong>ofrece el dise\u00f1o, elaboraci\u00f3n, ejecuci\u00f3n, seguimiento y evaluaci\u00f3n de <em>pol\u00edticas p\u00fablicas<\/em> con perspectiva de g\u00e9nero y de los derechos humanos, que generen acciones para la igualdad sustantiva y no discriminaci\u00f3n entre las personas; que promuevan e introduzcan la cultura institucional para la igualdad laboral en el lugar de trabajo y que adem\u00e1s, fomenten las nuevas masculinidades y la participaci\u00f3n ciudadana, liderazgo y dignificaci\u00f3n de las mujeres y grupos de atenci\u00f3n prioritaria en la vida p\u00fablica y familiar.<\/p>\n\n\n\n<p>As\u00ed tambi\u00e9n, se facilita asistencia t\u00e9cnica de g\u00e9nero y derechos humanos para impulsar, promover y establecer la cultura de la igualdad entre las personas del c\u00edrculo laboral; elaboraci\u00f3n de programas acad\u00e9micos inclusivos de la Teor\u00eda de los G\u00e9neros; asesor\u00eda en temas de fortalecimiento a la transversalidad y armonizaci\u00f3n legislativa con perspectiva de g\u00e9nero; elaboraci\u00f3n de ordenamientos jur\u00eddicos para el gobierno federal, estatal y municipal, como lineamientos, manuales, leyes, reglamentos, protocolos para prevenir, atender, sancionar y erradicar el acoso, el hostigamiento sexual, <em>mobbing<\/em> y <em>boosing<\/em> en el c\u00edrculo laboral y acad\u00e9mico.<\/p>\n\n\n\n<p>De igual modo, se brindan talleres y conversatorios de inducci\u00f3n y motivaci\u00f3n que promueven la dignificaci\u00f3n de las personas en la vida p\u00fablica y privada de los diversos grupos de atenci\u00f3n prioritaria, capacidades de gesti\u00f3n y nuevas masculinidades.<\/p>\n\n\n\n<p>Para mayor informaci\u00f3n nos ponemos a su disposici\u00f3n en el correo electr\u00f3nico <a href=\"mailto:consultoriajuridicadegenero@gmail.com\">consultoriajuridicadegenero@gmail.com<\/a> y al tel\u00e9fono (<strong>229) 140 0818<\/strong>.<\/p>\n\n\n\n<p>Desde nuestra trinchera <em>Caminamos del<\/em> <em>Discurso a los Hechos<\/em>\u2026<\/p>\n","protected":false},"excerpt":{"rendered":"<p>Gladys de L. P\u00e9rez Maldonado. Cada ma\u00f1ana que despierto, agradezco de ser quien soy y comienzo mi d\u00eda organizando mentalmente las ocupaciones del hogar, las del trabajo y despu\u00e9s de varias actividades rutinarias como tomar caf\u00e9, revisar las redes, quedo lista para salir a la jungla que me enfrento todos los d\u00edas, SI, al desaf\u00edo [&hellip;]<\/p>\n","protected":false},"author":45,"featured_media":80632,"comment_status":"open","ping_status":"open","sticky":false,"template":"","format":"standard","meta":{"_monsterinsights_skip_tracking":false,"_monsterinsights_sitenote_active":false,"_monsterinsights_sitenote_note":"","_monsterinsights_sitenote_category":0,"footnotes":""},"categories":[15405],"tags":[15415],"class_list":["post-80629","post","type-post","status-publish","format-standard","has-post-thumbnail","hentry","category-alguien-como-tu","tag-gladys-perez-maldonado","wp-image-borders"],"amp_enabled":true,"_links":{"self":[{"href":"https:\/\/nvnoticias.mx\/index.php\/wp-json\/wp\/v2\/posts\/80629","targetHints":{"allow":["GET"]}}],"collection":[{"href":"https:\/\/nvnoticias.mx\/index.php\/wp-json\/wp\/v2\/posts"}],"about":[{"href":"https:\/\/nvnoticias.mx\/index.php\/wp-json\/wp\/v2\/types\/post"}],"author":[{"embeddable":true,"href":"https:\/\/nvnoticias.mx\/index.php\/wp-json\/wp\/v2\/users\/45"}],"replies":[{"embeddable":true,"href":"https:\/\/nvnoticias.mx\/index.php\/wp-json\/wp\/v2\/comments?post=80629"}],"version-history":[{"count":1,"href":"https:\/\/nvnoticias.mx\/index.php\/wp-json\/wp\/v2\/posts\/80629\/revisions"}],"predecessor-version":[{"id":80633,"href":"https:\/\/nvnoticias.mx\/index.php\/wp-json\/wp\/v2\/posts\/80629\/revisions\/80633"}],"wp:featuredmedia":[{"embeddable":true,"href":"https:\/\/nvnoticias.mx\/index.php\/wp-json\/wp\/v2\/media\/80632"}],"wp:attachment":[{"href":"https:\/\/nvnoticias.mx\/index.php\/wp-json\/wp\/v2\/media?parent=80629"}],"wp:term":[{"taxonomy":"category","embeddable":true,"href":"https:\/\/nvnoticias.mx\/index.php\/wp-json\/wp\/v2\/categories?post=80629"},{"taxonomy":"post_tag","embeddable":true,"href":"https:\/\/nvnoticias.mx\/index.php\/wp-json\/wp\/v2\/tags?post=80629"}],"curies":[{"name":"wp","href":"https:\/\/api.w.org\/{rel}","templated":true}]}}