{"id":80596,"date":"2022-10-31T09:44:00","date_gmt":"2022-10-31T15:44:00","guid":{"rendered":"https:\/\/nvnoticias.mx\/?p=80596"},"modified":"2022-10-31T09:44:02","modified_gmt":"2022-10-31T15:44:02","slug":"elogia-amlo-al-tribunal-electoral-brasileno","status":"publish","type":"post","link":"https:\/\/nvnoticias.mx\/index.php\/2022\/10\/31\/elogia-amlo-al-tribunal-electoral-brasileno\/","title":{"rendered":"Elogia AMLO al tribunal electoral brasile\u00f1o"},"content":{"rendered":"\n<p>El presidente Andr\u00e9s Manuel L\u00f3pez Obrador elogi\u00f3 la actuaci\u00f3n del Tribunal Superior Electoral de Brasil que ayer, en dos horas, pudo determinar a Luiz Inacio Lula Da Silva como ganador de la segunda vuelta de la elecci\u00f3n presidencial pese al estrecho margen.<\/p>\n\n\n\n<p>El mandatario federal consider\u00f3 que en M\u00e9xico, donde se discute la reforma electoral, los legisladores deben tomar en cuenta el modelo brasile\u00f1o y tratar de adaptarlo al pa\u00eds y con ello buscar un instituto confiable, barato, eficiente y r\u00e1pido.<\/p>\n\n\n\n<blockquote class=\"wp-block-quote is-layout-flow wp-block-quote-is-layout-flow\"><p>\u201cLa elecci\u00f3n de ayer fue aleccionadora, es la lecci\u00f3n de la elecci\u00f3n. Yo creo que la lecci\u00f3n de la elecci\u00f3n es el buen funcionamiento del Instituto electoral en Brasil. Tienen una poblaci\u00f3n de 270 millones de habitantes, nosotros tenemos 126 millones, ellos deben tener m\u00e1s de 200, 148 millones, nosotros como 90 millones de electores.<\/p><\/blockquote>\n\n\n\n<blockquote class=\"wp-block-quote is-layout-flow wp-block-quote-is-layout-flow\"><p>\u201cBrasil es m\u00e1s grande territorialmente que M\u00e9xico y tambi\u00e9n tiene zonas muy alejadas, selvas, el amazonas, entonces lo incre\u00edble es que a las 2 horas, despu\u00e9s de cerradas las casillas ya ten\u00edan el 90% de los votos contados, a las 2 horas, es como si pens\u00e1ramos que se cierran las casillas en M\u00e9xico a las 6 y a las 8 ya tenemos los resultados, aqu\u00ed hay que esperar hasta las 11\u201d, expuso el jefe del Ejecutivo federal en conferencia de prensa.<\/p><\/blockquote>\n\n\n\n<p>Ayer, el exmandatario Luiz In\u00e1cio Lula da Silva gan\u00f3 la segunda vuelta de las elecciones presidenciales en Brasil con un 50.83% frente al 49.17% que obtuvo el actual gobernante, Jair Bolsonaro.<\/p>\n\n\n\n<p>Lula obtuvo 59.7 millones de sufragios, mientras que Bolsonaro, l\u00edder de la extrema derecha brasile\u00f1a y capit\u00e1n retirado del Ej\u00e9rcito, se qued\u00f3 con 57.7 millones, seg\u00fan los datos del Tribunal Superior Electoral (TSE).<\/p>\n\n\n\n<p>Al respecto, el tabasque\u00f1o se manifest\u00f3 a favor del voto electr\u00f3nico que dar\u00eda mayor certeza a la actuaci\u00f3n del INE y sobretodo sobre los costos de lo comicios en el pa\u00eds. <\/p>\n\n\n\n<blockquote class=\"wp-block-quote is-layout-flow wp-block-quote-is-layout-flow\"><p>\u201cHay que buscar la forma, pero es un hecho que ese sistema funciona porque estamos hablando de Brasil, ya sabemos que Costa Rica desde hace d\u00e9cadas funciona muy bien ese sistema electoral, pero Costa Rica tiene menos poblaci\u00f3n, ac\u00e1 es el primer pa\u00eds en poblaci\u00f3n en Am\u00e9rica Latina, el primer pa\u00eds en territorio\u201d, dijo.<\/p><\/blockquote>\n\n\n\n<p>Sobre si una reforma al sistema electoral del pa\u00eds podr\u00eda aplicarse en la elecci\u00f3n presidencial de 2024, el presidente de la Rep\u00fablica consider\u00f3 que hay tiempo para su dise\u00f1o siempre y cuando haya voluntad pol\u00edtica por lo que neg\u00f3 que su intenci\u00f3n sea desaparecer al INE o al Tribunal electoral.<\/p>\n\n\n\n<blockquote class=\"wp-block-quote is-layout-flow wp-block-quote-is-layout-flow\"><p>\u201cYo creo que s\u00ed, s\u00ed hay tiempo si hay voluntad de hacer bien las cosas. Tambi\u00e9n aclarar a la gente, porque hay toda una campa\u00f1a de desinformaci\u00f3n, los que manejan el INE, que son los conservadores corruptos, Claudio X. Gonz\u00e1lez y compa\u00f1\u00eda, que siempre han estado en los fraudes electorales y ahora se convierten en los paladines de la democracia.<\/p><\/blockquote>\n\n\n\n<blockquote class=\"wp-block-quote is-layout-flow wp-block-quote-is-layout-flow\"><p>\u201cTienen una campa\u00f1a enga\u00f1ando a la gente, sobre todo all\u00e1 en Las Lomas, porque fui por all\u00e1 y vi que en las casas hab\u00eda carteles diciendo: \u2018Yo defiendo al INE, no a la destrucci\u00f3n del INE\u2019. Bueno, Calder\u00f3n fue all\u00e1 a Espa\u00f1a a decir que en este mes de noviembre se acababa la democracia en M\u00e9xico, porque iba a desaparecer el INE\u201d, explic\u00f3.<\/p><\/blockquote>\n\n\n\n<p>Fuente: <a href=\"https:\/\/www.forbes.com.mx\/como-le-hacen-amlo-elogia-al-tribunal-electoral-brasileno-por-resultados-rapidos\/\" data-type=\"URL\" data-id=\"https:\/\/www.forbes.com.mx\/como-le-hacen-amlo-elogia-al-tribunal-electoral-brasileno-por-resultados-rapidos\/\">Forbes<\/a> <\/p>\n","protected":false},"excerpt":{"rendered":"<p>El presidente Andr\u00e9s Manuel L\u00f3pez Obrador elogi\u00f3 la actuaci\u00f3n del Tribunal Superior Electoral de Brasil que ayer, en dos horas, pudo determinar a Luiz Inacio Lula Da Silva como ganador de la segunda vuelta de la elecci\u00f3n presidencial pese al estrecho margen. El mandatario federal consider\u00f3 que en M\u00e9xico, donde se discute la reforma electoral, [&hellip;]<\/p>\n","protected":false},"author":35,"featured_media":73363,"comment_status":"open","ping_status":"open","sticky":false,"template":"","format":"standard","meta":{"_monsterinsights_skip_tracking":false,"_monsterinsights_sitenote_active":false,"_monsterinsights_sitenote_note":"","_monsterinsights_sitenote_category":0,"footnotes":""},"categories":[158],"tags":[188,11495,15764,283],"class_list":["post-80596","post","type-post","status-publish","format-standard","has-post-thumbnail","hentry","category-politica","tag-amlo","tag-brasileno","tag-elogia","tag-tribunal-electoral","wp-image-borders"],"amp_enabled":true,"_links":{"self":[{"href":"https:\/\/nvnoticias.mx\/index.php\/wp-json\/wp\/v2\/posts\/80596","targetHints":{"allow":["GET"]}}],"collection":[{"href":"https:\/\/nvnoticias.mx\/index.php\/wp-json\/wp\/v2\/posts"}],"about":[{"href":"https:\/\/nvnoticias.mx\/index.php\/wp-json\/wp\/v2\/types\/post"}],"author":[{"embeddable":true,"href":"https:\/\/nvnoticias.mx\/index.php\/wp-json\/wp\/v2\/users\/35"}],"replies":[{"embeddable":true,"href":"https:\/\/nvnoticias.mx\/index.php\/wp-json\/wp\/v2\/comments?post=80596"}],"version-history":[{"count":3,"href":"https:\/\/nvnoticias.mx\/index.php\/wp-json\/wp\/v2\/posts\/80596\/revisions"}],"predecessor-version":[{"id":80599,"href":"https:\/\/nvnoticias.mx\/index.php\/wp-json\/wp\/v2\/posts\/80596\/revisions\/80599"}],"wp:featuredmedia":[{"embeddable":true,"href":"https:\/\/nvnoticias.mx\/index.php\/wp-json\/wp\/v2\/media\/73363"}],"wp:attachment":[{"href":"https:\/\/nvnoticias.mx\/index.php\/wp-json\/wp\/v2\/media?parent=80596"}],"wp:term":[{"taxonomy":"category","embeddable":true,"href":"https:\/\/nvnoticias.mx\/index.php\/wp-json\/wp\/v2\/categories?post=80596"},{"taxonomy":"post_tag","embeddable":true,"href":"https:\/\/nvnoticias.mx\/index.php\/wp-json\/wp\/v2\/tags?post=80596"}],"curies":[{"name":"wp","href":"https:\/\/api.w.org\/{rel}","templated":true}]}}