{"id":80547,"date":"2022-10-30T16:18:48","date_gmt":"2022-10-30T22:18:48","guid":{"rendered":"https:\/\/nvnoticias.mx\/?p=80547"},"modified":"2022-10-30T16:20:43","modified_gmt":"2022-10-30T22:20:43","slug":"gana-checo-perez-tercer-lugar-del-gp-de-mexico","status":"publish","type":"post","link":"https:\/\/nvnoticias.mx\/index.php\/2022\/10\/30\/gana-checo-perez-tercer-lugar-del-gp-de-mexico\/","title":{"rendered":"Gana Checo P\u00e9rez tercer lugar del GP de M\u00e9xico"},"content":{"rendered":"\n<p>Sergio \u2018Checo\u2019 P\u00e9rez volvi\u00f3 a subir al podio en tercer lugar&nbsp;en el&nbsp;Gran Premio de M\u00e9xico de F\u00f3rmula 1, detr\u00e1s de Lewis Hamilton y de su coequipero Max Verstappen, ganador de la carrera en el Aut\u00f3dromo Hermanos Rodr\u00edguez.<\/p>\n\n\n\n<blockquote class=\"wp-block-quote is-layout-flow wp-block-quote-is-layout-flow\"><p>\u201cEs un buen podio. Frente a esta multitud,&nbsp;realmente quer\u00eda m\u00e1s, pero el tercer lugar sigue siendo un buen d\u00eda\u201d, coment\u00f3&nbsp;\u2018Checo\u2019 P\u00e9rez&nbsp;para la F1.<\/p><\/blockquote>\n\n\n\n<p>A pesar de haber arrancado desde la cuarta posici\u00f3n, el piloto mexicano&nbsp;\u2018Checo\u2019 P\u00e9rez logr\u00f3 rebasar a George Russell en la recta Jim Clark de la primera vuelta&nbsp;de la carrera para colocarse tercero y repetir el mismo podio del 2021.<\/p>\n\n\n\n<blockquote class=\"wp-block-quote is-layout-flow wp-block-quote-is-layout-flow\"><p>\u201cLograste otro podio \u2018Checo. Disfruta cada segundo de esa vuelta (de aplausos). Lamentablemente Russell obtuvo la vuelta r\u00e1pida, pero eso no importa hoy. \u00a1Fant\u00e1stico! Gran resultado con el podio, bien hecho, otro r\u00e9cord para nosotros.\u201d, expres\u00f3 Christian Horner, jefe de Red Bull Racing.<\/p><\/blockquote>\n\n\n\n<p>De esta manera,&nbsp;se repiti\u00f3 el mismo podio de GP de M\u00e9xico del a\u00f1o pasado, aunque esta vez ya con los campeonatos de pilotos y constructores asegurados para Red Bull Racing.<\/p>\n\n\n\n<p>Max Verstappen&nbsp;impuso un nuevo r\u00e9cord de 14 victorias&nbsp;en una misma temporada de F\u00f3rmula 1, dejando atr\u00e1s al alem\u00e1n Michael Schumacher con 13, y va por m\u00e1s.<\/p>\n\n\n\n<blockquote class=\"wp-block-quote is-layout-flow wp-block-quote-is-layout-flow\"><p>\u201cUn resultado incre\u00edble. Ha sido un a\u00f1o incre\u00edble hasta ahora. Definitivamente lo estamos disfrutando e intentaremos ir por m\u00e1s (victorias)\u201d, manifest\u00f3 el bicampe\u00f3n neerland\u00e9s.<\/p><\/blockquote>\n\n\n\n<p>El tapat\u00edo\u00a0\u2018Checo\u2019 P\u00e9rez adem\u00e1s recuper\u00f3 la segunda posici\u00f3n en el campeonato de pilotos\u00a0con 280 puntos, por delante otra vez del monegasco Charles Leclerc (Ferrari) que termin\u00f3 sexto y lleg\u00f3 a 275.<\/p>\n\n\n\n<p>Fuente: <a href=\"https:\/\/www.elfinanciero.com.mx\/deportes\/2022\/10\/30\/checo-perez-sube-al-podio-en-el-gp-de-mexico-verstappen-rompe-record-de-victorias\/\">El Financiero<\/a><\/p>\n","protected":false},"excerpt":{"rendered":"<p>Sergio \u2018Checo\u2019 P\u00e9rez volvi\u00f3 a subir al podio en tercer lugar&nbsp;en el&nbsp;Gran Premio de M\u00e9xico de F\u00f3rmula 1, detr\u00e1s de Lewis Hamilton y de su coequipero Max Verstappen, ganador de la carrera en el Aut\u00f3dromo Hermanos Rodr\u00edguez. \u201cEs un buen podio. Frente a esta multitud,&nbsp;realmente quer\u00eda m\u00e1s, pero el tercer lugar sigue siendo un buen [&hellip;]<\/p>\n","protected":false},"author":7,"featured_media":80548,"comment_status":"open","ping_status":"open","sticky":false,"template":"","format":"standard","meta":{"_monsterinsights_skip_tracking":false,"_monsterinsights_sitenote_active":false,"_monsterinsights_sitenote_note":"","_monsterinsights_sitenote_category":0,"footnotes":""},"categories":[159],"tags":[2977,6818,20652,6611,162,2619],"class_list":["post-80547","post","type-post","status-publish","format-standard","has-post-thumbnail","hentry","category-deportes","tag-checo-perez","tag-gp-de-mexico","tag-gran-premio","tag-gran-premio-de-mexico","tag-portada","tag-sergio-perez","wp-image-borders"],"amp_enabled":true,"_links":{"self":[{"href":"https:\/\/nvnoticias.mx\/index.php\/wp-json\/wp\/v2\/posts\/80547","targetHints":{"allow":["GET"]}}],"collection":[{"href":"https:\/\/nvnoticias.mx\/index.php\/wp-json\/wp\/v2\/posts"}],"about":[{"href":"https:\/\/nvnoticias.mx\/index.php\/wp-json\/wp\/v2\/types\/post"}],"author":[{"embeddable":true,"href":"https:\/\/nvnoticias.mx\/index.php\/wp-json\/wp\/v2\/users\/7"}],"replies":[{"embeddable":true,"href":"https:\/\/nvnoticias.mx\/index.php\/wp-json\/wp\/v2\/comments?post=80547"}],"version-history":[{"count":2,"href":"https:\/\/nvnoticias.mx\/index.php\/wp-json\/wp\/v2\/posts\/80547\/revisions"}],"predecessor-version":[{"id":80550,"href":"https:\/\/nvnoticias.mx\/index.php\/wp-json\/wp\/v2\/posts\/80547\/revisions\/80550"}],"wp:featuredmedia":[{"embeddable":true,"href":"https:\/\/nvnoticias.mx\/index.php\/wp-json\/wp\/v2\/media\/80548"}],"wp:attachment":[{"href":"https:\/\/nvnoticias.mx\/index.php\/wp-json\/wp\/v2\/media?parent=80547"}],"wp:term":[{"taxonomy":"category","embeddable":true,"href":"https:\/\/nvnoticias.mx\/index.php\/wp-json\/wp\/v2\/categories?post=80547"},{"taxonomy":"post_tag","embeddable":true,"href":"https:\/\/nvnoticias.mx\/index.php\/wp-json\/wp\/v2\/tags?post=80547"}],"curies":[{"name":"wp","href":"https:\/\/api.w.org\/{rel}","templated":true}]}}