{"id":80506,"date":"2022-10-29T17:28:04","date_gmt":"2022-10-29T22:28:04","guid":{"rendered":"https:\/\/nvnoticias.mx\/?p=80506"},"modified":"2022-10-29T17:28:05","modified_gmt":"2022-10-29T22:28:05","slug":"anuncia-netflix-temporada-4-de-the-witcher-sin-henry-cavill","status":"publish","type":"post","link":"https:\/\/nvnoticias.mx\/index.php\/2022\/10\/29\/anuncia-netflix-temporada-4-de-the-witcher-sin-henry-cavill\/","title":{"rendered":"Anuncia Netflix temporada 4 de The Witcher sin Henry Cavill"},"content":{"rendered":"\n<p>La temporada 3 de la famosa serie de Netflix &#8216;The Wicther&#8217; todav\u00eda ni siquiera se estrena cuando ya hay noticias sobre la cuarta parte, las cuales ser\u00e1n agridulces para muchos. Aqu\u00ed te contamos todos los detalles. <\/p>\n\n\n\n<p>La primera, que es buena para los fans, es que Netflix confirm\u00f3 que The Witcher tendr\u00e1 una cuarta temporada, pero no contar\u00e1 con el elenco completo al que est\u00e1n acostumbrados los fans. <\/p>\n\n\n\n<p>Sin embargo, una mala noticia para la serie es que Henry Cavill, quien se hab\u00eda encargado de dar vida al famoso cazador de monstruos\u00a0Geralt de Rivia durante las primeras tres temporadas, dejar\u00e1 la producci\u00f3n para dicha cuarta temporada. Es decir, todav\u00eda saldr\u00e1 en la tercera pr\u00f3xima a estrenar. <\/p>\n\n\n\n<p>Por medio de redes sociales, el mismo Henry Cavill dio a conocer que Liam Hemsworth ser\u00e1 quien tome su lugar como parte de la producci\u00f3n a partir de la cuarta temporada. <\/p>\n\n\n\n<blockquote class=\"wp-block-quote is-layout-flow wp-block-quote-is-layout-flow\"><p>&#8220;Mi viaje como Geralt de Rivia ha estado lleno de monstruos y aventuras y, por desgracia, dejar\u00e9 mi medall\u00f3n y mis espadas para la temporada 4. En mi lugar, el fant\u00e1stico Sr. Liam Hemsworth tomar\u00e1 el manto del Lobo Blanco. Al igual que con los m\u00e1s grandes personajes literarios, paso la antorcha con reverencia por el tiempo que pas\u00e9 encarnando a Geralt y con entusiasmo por ver la versi\u00f3n de Liam de este hombre tan fascinante y lleno de matices&#8221;, escribi\u00f3 Cavill. <\/p><\/blockquote>\n\n\n\n<p>Fuente:<a href=\"https:\/\/www.milenio.com\/espectaculos\/television\/henry-cavill-deja-the-wicther-netflix-anuncia-temporada-4\" data-type=\"URL\" data-id=\"https:\/\/www.milenio.com\/espectaculos\/television\/henry-cavill-deja-the-wicther-netflix-anuncia-temporada-4\"> Milenio<\/a><\/p>\n","protected":false},"excerpt":{"rendered":"<p>La temporada 3 de la famosa serie de Netflix &#8216;The Wicther&#8217; todav\u00eda ni siquiera se estrena cuando ya hay noticias sobre la cuarta parte, las cuales ser\u00e1n agridulces para muchos. Aqu\u00ed te contamos todos los detalles. La primera, que es buena para los fans, es que Netflix confirm\u00f3 que The Witcher tendr\u00e1 una cuarta temporada, [&hellip;]<\/p>\n","protected":false},"author":35,"featured_media":80507,"comment_status":"open","ping_status":"open","sticky":false,"template":"","format":"standard","meta":{"_monsterinsights_skip_tracking":false,"_monsterinsights_sitenote_active":false,"_monsterinsights_sitenote_note":"","_monsterinsights_sitenote_category":0,"footnotes":""},"categories":[576],"tags":[7791,3696,1358,20643,7488],"class_list":["post-80506","post","type-post","status-publish","format-standard","has-post-thumbnail","hentry","category-ocio","tag-anuncia","tag-henry-cavill","tag-netflix","tag-temporada-4","tag-the-witcher","wp-image-borders"],"amp_enabled":true,"_links":{"self":[{"href":"https:\/\/nvnoticias.mx\/index.php\/wp-json\/wp\/v2\/posts\/80506","targetHints":{"allow":["GET"]}}],"collection":[{"href":"https:\/\/nvnoticias.mx\/index.php\/wp-json\/wp\/v2\/posts"}],"about":[{"href":"https:\/\/nvnoticias.mx\/index.php\/wp-json\/wp\/v2\/types\/post"}],"author":[{"embeddable":true,"href":"https:\/\/nvnoticias.mx\/index.php\/wp-json\/wp\/v2\/users\/35"}],"replies":[{"embeddable":true,"href":"https:\/\/nvnoticias.mx\/index.php\/wp-json\/wp\/v2\/comments?post=80506"}],"version-history":[{"count":1,"href":"https:\/\/nvnoticias.mx\/index.php\/wp-json\/wp\/v2\/posts\/80506\/revisions"}],"predecessor-version":[{"id":80508,"href":"https:\/\/nvnoticias.mx\/index.php\/wp-json\/wp\/v2\/posts\/80506\/revisions\/80508"}],"wp:featuredmedia":[{"embeddable":true,"href":"https:\/\/nvnoticias.mx\/index.php\/wp-json\/wp\/v2\/media\/80507"}],"wp:attachment":[{"href":"https:\/\/nvnoticias.mx\/index.php\/wp-json\/wp\/v2\/media?parent=80506"}],"wp:term":[{"taxonomy":"category","embeddable":true,"href":"https:\/\/nvnoticias.mx\/index.php\/wp-json\/wp\/v2\/categories?post=80506"},{"taxonomy":"post_tag","embeddable":true,"href":"https:\/\/nvnoticias.mx\/index.php\/wp-json\/wp\/v2\/tags?post=80506"}],"curies":[{"name":"wp","href":"https:\/\/api.w.org\/{rel}","templated":true}]}}