{"id":805,"date":"2021-01-09T13:48:15","date_gmt":"2021-01-09T19:48:15","guid":{"rendered":"https:\/\/nvnoticias.mx\/?p=805"},"modified":"2021-01-09T13:48:15","modified_gmt":"2021-01-09T19:48:15","slug":"asegura-gobernador-que-hara-fila-para-recibir-la-vacuna-contra-el-covid-19","status":"publish","type":"post","link":"https:\/\/nvnoticias.mx\/index.php\/2021\/01\/09\/asegura-gobernador-que-hara-fila-para-recibir-la-vacuna-contra-el-covid-19\/","title":{"rendered":"Asegura gobernador que \u201char\u00e1 fila\u201d para recibir la vacuna contra el covid-19"},"content":{"rendered":"\n<p><strong>Sam Ojeda \/ NV Noticias<\/strong><\/p>\n\n\n\n<p>Xalapa.- El gobernador de Veracruz, Cuitl\u00e1huac Garc\u00eda Jim\u00e9nez, neg\u00f3 que \u00e9l o sus colaboradores vayan a recibir la vacuna del covid-19 antes que la poblaci\u00f3n en general.<\/p>\n\n\n\n<p>Dijo que los funcionarios no podr\u00e1n \u201csaltarse la fila\u201d para recibir antes la vacuna contra la enfermedad, pues de hacerlo ser\u00e1n sancionados.<\/p>\n\n\n\n<blockquote class=\"wp-block-quote is-layout-flow wp-block-quote-is-layout-flow\"><p>\u201cEst\u00e1 prohibido y estar\u00e1 sancionado, los funcionarios no podr\u00e1n romper fila, tendr\u00e1n que formarse de acuerdo a la edad\u201d.<\/p><\/blockquote>\n\n\n\n<p>El mandatario dijo que los primeros en recibir la vacuna de Pfizer ser\u00e1n los trabajadores de salud que atienden a pacientes con covid-19.&nbsp;<\/p>\n\n\n\n<blockquote class=\"wp-block-quote is-layout-flow wp-block-quote-is-layout-flow\"><p>\u201cEn su momento, yo estoy muy joven, me voy a formar en la fila (&#8230;) Todos los pa\u00edses est\u00e1n vacunando primero a su personal de primera l\u00ednea que atienden covid, despu\u00e9s al personal de salud, luego a personas vulnerables y posteriormente de manera escalada a la poblaci\u00f3n\u201d.\u00a0 \u00a0<\/p><\/blockquote>\n\n\n\n<p>Cabe destacar que el primer lote de vacunas se tiene previsto que llegue a la entidad veracruzana durante la segunda quincena de enero.<\/p>\n","protected":false},"excerpt":{"rendered":"<p>Sam Ojeda \/ NV Noticias Xalapa.- El gobernador de Veracruz, Cuitl\u00e1huac Garc\u00eda Jim\u00e9nez, neg\u00f3 que \u00e9l o sus colaboradores vayan a recibir la vacuna del covid-19 antes que la poblaci\u00f3n en general. Dijo que los funcionarios no podr\u00e1n \u201csaltarse la fila\u201d para recibir antes la vacuna contra la enfermedad, pues de hacerlo ser\u00e1n sancionados. \u201cEst\u00e1 [&hellip;]<\/p>\n","protected":false},"author":6,"featured_media":806,"comment_status":"open","ping_status":"open","sticky":false,"template":"","format":"standard","meta":{"_monsterinsights_skip_tracking":false,"_monsterinsights_sitenote_active":false,"_monsterinsights_sitenote_note":"","_monsterinsights_sitenote_category":0,"footnotes":""},"categories":[156],"tags":[175,289,162,217],"class_list":["post-805","post","type-post","status-publish","format-standard","has-post-thumbnail","hentry","category-estado","tag-covid-19","tag-cuitlahuac-garcia","tag-portada","tag-vacuna","wp-image-borders"],"amp_enabled":true,"_links":{"self":[{"href":"https:\/\/nvnoticias.mx\/index.php\/wp-json\/wp\/v2\/posts\/805","targetHints":{"allow":["GET"]}}],"collection":[{"href":"https:\/\/nvnoticias.mx\/index.php\/wp-json\/wp\/v2\/posts"}],"about":[{"href":"https:\/\/nvnoticias.mx\/index.php\/wp-json\/wp\/v2\/types\/post"}],"author":[{"embeddable":true,"href":"https:\/\/nvnoticias.mx\/index.php\/wp-json\/wp\/v2\/users\/6"}],"replies":[{"embeddable":true,"href":"https:\/\/nvnoticias.mx\/index.php\/wp-json\/wp\/v2\/comments?post=805"}],"version-history":[{"count":1,"href":"https:\/\/nvnoticias.mx\/index.php\/wp-json\/wp\/v2\/posts\/805\/revisions"}],"predecessor-version":[{"id":807,"href":"https:\/\/nvnoticias.mx\/index.php\/wp-json\/wp\/v2\/posts\/805\/revisions\/807"}],"wp:featuredmedia":[{"embeddable":true,"href":"https:\/\/nvnoticias.mx\/index.php\/wp-json\/wp\/v2\/media\/806"}],"wp:attachment":[{"href":"https:\/\/nvnoticias.mx\/index.php\/wp-json\/wp\/v2\/media?parent=805"}],"wp:term":[{"taxonomy":"category","embeddable":true,"href":"https:\/\/nvnoticias.mx\/index.php\/wp-json\/wp\/v2\/categories?post=805"},{"taxonomy":"post_tag","embeddable":true,"href":"https:\/\/nvnoticias.mx\/index.php\/wp-json\/wp\/v2\/tags?post=805"}],"curies":[{"name":"wp","href":"https:\/\/api.w.org\/{rel}","templated":true}]}}