{"id":80441,"date":"2022-10-29T12:38:13","date_gmt":"2022-10-29T17:38:13","guid":{"rendered":"https:\/\/nvnoticias.mx\/?p=80441"},"modified":"2022-10-29T12:38:30","modified_gmt":"2022-10-29T17:38:30","slug":"los-cuerpos-encontrados-en-la-laguna-de-arbolillo-siguen-sin-identificarse","status":"publish","type":"post","link":"https:\/\/nvnoticias.mx\/index.php\/2022\/10\/29\/los-cuerpos-encontrados-en-la-laguna-de-arbolillo-siguen-sin-identificarse\/","title":{"rendered":"Los cuerpos encontrados en la laguna de Arbolillo siguen sin identificarse"},"content":{"rendered":"\n<p><strong>Jes\u00fas Utrilla | NV Noticias <\/strong><\/p>\n\n\n\n<p>Los cuerpos encontrados en la laguna de Arbolillo siguen sin identificarse.Leticia Maldonado Guti\u00e9rrez, integrante del Colectivo Solecito, se\u00f1al\u00f3 que hallaron en la \u00faltima b\u00fasqueda cerca de 70 restos. Sin embargo, no hay avance en la identificaci\u00f3n por lo cual, los familiares exigieron que las autoridades realicen su trabajo y generen los Centros de Identificaci\u00f3n Forense.<\/p>\n\n\n\n<blockquote class=\"wp-block-quote is-layout-flow wp-block-quote-is-layout-flow\"><p>\u201cQueremos que entren las autoridades porque somos muchas y sabemos que nuestros hijos est\u00e1n ah\u00ed, pero si no hay adelanto en todo eso como lo vamos a saber\u201d.<\/p><\/blockquote>\n\n\n\n<p>Acus\u00f3 que siguen siendo pobres los avances y resultados por parte de las autoridades, con respecto a la b\u00fasqueda de desaparecidos.<\/p>\n\n\n\n<p>Urgi\u00f3 a reforzar acciones de identificaci\u00f3n de los m\u00faltiples restos encontrados en fosas clandestinas.<\/p>\n\n\n\n<blockquote class=\"wp-block-quote is-layout-flow wp-block-quote-is-layout-flow\"><p>\u201cLas autoridades de vuelven inhumanas ante el dolor y nosotros queremos encontrarlos, queremos que nos digan. Somos m\u00e1s de 250 y seguimos buscando\u201d.<\/p><\/blockquote>\n\n\n\n<p>Cabe mencionar que en Arbolillo la b\u00fasqueda se efectu\u00f3 por m\u00e1s de cinco a\u00f1os y hallaron al menos 73 cuerpos de personas desaparecidas en 21 fosas.<\/p>\n\n\n\n<p>Sin embargo, falta la identificaci\u00f3n para que sus familiares le puedan dar una cristiana sepultura.En Arbolillo se exhumaron al menos 286 cuerpos en los \u00faltimos cinco a\u00f1os.<\/p>\n","protected":false},"excerpt":{"rendered":"<p>Jes\u00fas Utrilla | NV Noticias Los cuerpos encontrados en la laguna de Arbolillo siguen sin identificarse.Leticia Maldonado Guti\u00e9rrez, integrante del Colectivo Solecito, se\u00f1al\u00f3 que hallaron en la \u00faltima b\u00fasqueda cerca de 70 restos. Sin embargo, no hay avance en la identificaci\u00f3n por lo cual, los familiares exigieron que las autoridades realicen su trabajo y generen [&hellip;]<\/p>\n","protected":false},"author":35,"featured_media":7348,"comment_status":"open","ping_status":"open","sticky":false,"template":"","format":"standard","meta":{"_monsterinsights_skip_tracking":false,"_monsterinsights_sitenote_active":false,"_monsterinsights_sitenote_note":"","_monsterinsights_sitenote_category":0,"footnotes":""},"categories":[154],"tags":[7671,776,20615],"class_list":["post-80441","post","type-post","status-publish","format-standard","has-post-thumbnail","hentry","category-veracruz","tag-arbolillo","tag-cuerpos","tag-sin-identificar","wp-image-borders"],"amp_enabled":true,"_links":{"self":[{"href":"https:\/\/nvnoticias.mx\/index.php\/wp-json\/wp\/v2\/posts\/80441","targetHints":{"allow":["GET"]}}],"collection":[{"href":"https:\/\/nvnoticias.mx\/index.php\/wp-json\/wp\/v2\/posts"}],"about":[{"href":"https:\/\/nvnoticias.mx\/index.php\/wp-json\/wp\/v2\/types\/post"}],"author":[{"embeddable":true,"href":"https:\/\/nvnoticias.mx\/index.php\/wp-json\/wp\/v2\/users\/35"}],"replies":[{"embeddable":true,"href":"https:\/\/nvnoticias.mx\/index.php\/wp-json\/wp\/v2\/comments?post=80441"}],"version-history":[{"count":2,"href":"https:\/\/nvnoticias.mx\/index.php\/wp-json\/wp\/v2\/posts\/80441\/revisions"}],"predecessor-version":[{"id":80443,"href":"https:\/\/nvnoticias.mx\/index.php\/wp-json\/wp\/v2\/posts\/80441\/revisions\/80443"}],"wp:featuredmedia":[{"embeddable":true,"href":"https:\/\/nvnoticias.mx\/index.php\/wp-json\/wp\/v2\/media\/7348"}],"wp:attachment":[{"href":"https:\/\/nvnoticias.mx\/index.php\/wp-json\/wp\/v2\/media?parent=80441"}],"wp:term":[{"taxonomy":"category","embeddable":true,"href":"https:\/\/nvnoticias.mx\/index.php\/wp-json\/wp\/v2\/categories?post=80441"},{"taxonomy":"post_tag","embeddable":true,"href":"https:\/\/nvnoticias.mx\/index.php\/wp-json\/wp\/v2\/tags?post=80441"}],"curies":[{"name":"wp","href":"https:\/\/api.w.org\/{rel}","templated":true}]}}