{"id":80401,"date":"2022-10-29T09:50:35","date_gmt":"2022-10-29T14:50:35","guid":{"rendered":"https:\/\/nvnoticias.mx\/?p=80401"},"modified":"2022-10-29T09:50:37","modified_gmt":"2022-10-29T14:50:37","slug":"elucubraciones-fantasiosas-contra-jueces-zaldivar","status":"publish","type":"post","link":"https:\/\/nvnoticias.mx\/index.php\/2022\/10\/29\/elucubraciones-fantasiosas-contra-jueces-zaldivar\/","title":{"rendered":"\u201cElucubraciones fantasiosas\u201d contra jueces: Zald\u00edvar"},"content":{"rendered":"\n<p>El Poder Judicial ha demostrado ser independiente del poder pol\u00edtico y de los poderes f\u00e1cticos, afirm\u00f3\u00a0Arturo Zald\u00edvar, ministro presidente de la\u00a0<strong>Suprema Corte de Justicia de la Naci\u00f3n<\/strong>, quien pidi\u00f3 que a los jueces se les critique por sus sentencias y no \u201ccon elucubraciones fantasiosas que solo buscan desprestigiar\u201d.<\/p>\n\n\n\n<p>Al encabezar la inauguraci\u00f3n de la decimos\u00e9ptima Asamblea General Ordinaria de la Asociaci\u00f3n Mexicana de Impartidores de Justicia, expres\u00f3: \u201cEl Poder Judicial ha demostrado y seguir\u00e1 demostrando ser independiente del poder pol\u00edtico, pero tambi\u00e9n de los poderes f\u00e1cticos.&nbsp;No somos gobierno, pero tampoco somos oposici\u00f3n;&nbsp;no nos hemos dejado utilizar y no nos dejaremos utilizar.&nbsp;Reitero que nuestro \u00fanico compromiso es con la Constituci\u00f3n y con los derechos humanos, nos avalan nuestras sentencias\u201d.<\/p>\n\n\n\n<p>Reproch\u00f3 que se ha pretendido utilizar la independencia del Poder Judicial como un instrumento de golpeteo y arma pol\u00edtica entre adversarios polarizados.<\/p>\n\n\n\n<blockquote class=\"wp-block-quote is-layout-flow wp-block-quote-is-layout-flow\"><p>\u201cSe dice, por un lado, que no se defiende la independencia de los jueces y juezas federales y, por el otro, se afirma que el&nbsp;Poder Judicial federal no es independiente y se encuentra sometido a los otros poderes. Los jueces y las juezas federales no requieren que se les defienda en la plaza p\u00fablica.&nbsp;Ellos y ellas se defienden todos los d\u00edas con sus sentencias.<\/p><\/blockquote>\n\n\n\n<blockquote class=\"wp-block-quote is-layout-flow wp-block-quote-is-layout-flow\"><p>\u201cTodos los d\u00edas dictamos resoluciones aut\u00f3nomas e independientes en las que demostramos que nuestro \u00fanico compromiso es con la Constituci\u00f3n y con los derechos humanos. Toda resoluci\u00f3n, sobre todo en asuntos delicados, conflictivos, puede ser opinable y discutible, esto pasa en todos los pa\u00edses del mundo, pero no es correcto, \u00e9tica ni pol\u00edticamente, descalificar el trabajo de los jueces cuando ese trabajo no es acorde a determinada pretensi\u00f3n econ\u00f3mica o pol\u00edtica\u201d, recalc\u00f3 el tambi\u00e9n presidente del Consejo de la Judicatura Federal.<\/p><\/blockquote>\n\n\n\n<p>Fuente: <a href=\"https:\/\/www.milenio.com\/politica\/zaldivar-elucubraciones-fantasiosas-contra-jueces\" data-type=\"URL\" data-id=\"https:\/\/www.milenio.com\/politica\/zaldivar-elucubraciones-fantasiosas-contra-jueces\">Milenio<\/a> <\/p>\n","protected":false},"excerpt":{"rendered":"<p>El Poder Judicial ha demostrado ser independiente del poder pol\u00edtico y de los poderes f\u00e1cticos, afirm\u00f3\u00a0Arturo Zald\u00edvar, ministro presidente de la\u00a0Suprema Corte de Justicia de la Naci\u00f3n, quien pidi\u00f3 que a los jueces se les critique por sus sentencias y no \u201ccon elucubraciones fantasiosas que solo buscan desprestigiar\u201d. Al encabezar la inauguraci\u00f3n de la decimos\u00e9ptima [&hellip;]<\/p>\n","protected":false},"author":35,"featured_media":15623,"comment_status":"open","ping_status":"open","sticky":false,"template":"","format":"standard","meta":{"_monsterinsights_skip_tracking":false,"_monsterinsights_sitenote_active":false,"_monsterinsights_sitenote_note":"","_monsterinsights_sitenote_category":0,"footnotes":""},"categories":[158],"tags":[3096,5401,162],"class_list":["post-80401","post","type-post","status-publish","format-standard","has-post-thumbnail","hentry","category-politica","tag-arturo-zaldivar","tag-jueces","tag-portada","wp-image-borders"],"amp_enabled":true,"_links":{"self":[{"href":"https:\/\/nvnoticias.mx\/index.php\/wp-json\/wp\/v2\/posts\/80401","targetHints":{"allow":["GET"]}}],"collection":[{"href":"https:\/\/nvnoticias.mx\/index.php\/wp-json\/wp\/v2\/posts"}],"about":[{"href":"https:\/\/nvnoticias.mx\/index.php\/wp-json\/wp\/v2\/types\/post"}],"author":[{"embeddable":true,"href":"https:\/\/nvnoticias.mx\/index.php\/wp-json\/wp\/v2\/users\/35"}],"replies":[{"embeddable":true,"href":"https:\/\/nvnoticias.mx\/index.php\/wp-json\/wp\/v2\/comments?post=80401"}],"version-history":[{"count":3,"href":"https:\/\/nvnoticias.mx\/index.php\/wp-json\/wp\/v2\/posts\/80401\/revisions"}],"predecessor-version":[{"id":80404,"href":"https:\/\/nvnoticias.mx\/index.php\/wp-json\/wp\/v2\/posts\/80401\/revisions\/80404"}],"wp:featuredmedia":[{"embeddable":true,"href":"https:\/\/nvnoticias.mx\/index.php\/wp-json\/wp\/v2\/media\/15623"}],"wp:attachment":[{"href":"https:\/\/nvnoticias.mx\/index.php\/wp-json\/wp\/v2\/media?parent=80401"}],"wp:term":[{"taxonomy":"category","embeddable":true,"href":"https:\/\/nvnoticias.mx\/index.php\/wp-json\/wp\/v2\/categories?post=80401"},{"taxonomy":"post_tag","embeddable":true,"href":"https:\/\/nvnoticias.mx\/index.php\/wp-json\/wp\/v2\/tags?post=80401"}],"curies":[{"name":"wp","href":"https:\/\/api.w.org\/{rel}","templated":true}]}}