{"id":80375,"date":"2022-10-28T16:05:15","date_gmt":"2022-10-28T21:05:15","guid":{"rendered":"https:\/\/nvnoticias.mx\/?p=80375"},"modified":"2022-10-28T16:05:16","modified_gmt":"2022-10-28T21:05:16","slug":"revelan-el-extrano-padecimiento-que-vive-kenia-os","status":"publish","type":"post","link":"https:\/\/nvnoticias.mx\/index.php\/2022\/10\/28\/revelan-el-extrano-padecimiento-que-vive-kenia-os\/","title":{"rendered":"Revelan el extra\u00f1o padecimiento que vive Kenia Os"},"content":{"rendered":"\n<p>Para el estreno de su disco, la influencer organiz\u00f3 una fiesta a la que asistieron m\u00fasicos y youtubers, y platic\u00f3 con la prensa, entre otros temas, sobre c\u00f3mo lleva el tema de su salud.<\/p>\n\n\n\n<p>En septiembre, tras la fuerte ca\u00edda que sufri\u00f3, cont\u00f3 a sus fans:<\/p>\n\n\n\n<p>&#8220;Gente, vamos camino al hospital, me acabo de desmayar y me pegu\u00e9 contra el suelo con mi boca, me siento estable&#8221;, escribi\u00f3 en septiembre.<\/p>\n\n\n\n<p>La mexicana inicialmente crey\u00f3 que el desmayo se deb\u00eda a un<strong>&nbsp;problema de epilepsia<\/strong>:<\/p>\n\n\n\n<p>&#8220;Me sigo haciendo estudios para descartar que haya sido un desmayo por epilepsia, pero al parecer era cansancio, estr\u00e9s y sabes, yo trabajo much\u00edsimo por mi proyecto.&#8221;, detall\u00f3 la cantante.<\/p>\n\n\n\n<p>Asegur\u00f3 que los doctores se encuentran evaluando que quiz\u00e1 todo se debe a un problema de estr\u00e9s:<\/p>\n\n\n\n<blockquote class=\"wp-block-quote is-layout-flow wp-block-quote-is-layout-flow\"><p>&#8220;La verdad que K23 fue un \u00e1lbum que hicimos en tiempo r\u00e9cord porque un \u00e1lbum me toma un a\u00f1o y medio hacerlo y este lo hicimos en cuatro meses, entonces yo creo que el cuerpo me cobr\u00f3 factura, esperemos que no sea nada grave&#8221;.<\/p><\/blockquote>\n\n\n\n<p>Aunque el primer diagn\u00f3stico fue epilepsia, tras varios estudios en la columna y tomograf\u00edas, result\u00f3 que dos de sus cervicales estaban muy inflamadas, lo que generaba dolor y limitaba el movimiento.<\/p>\n\n\n\n<p>La estrella debe esperar un mes para ver c\u00f3mo evoluciona y descartar que pueda ser algo m\u00e1s grave. Mientras tanto Kenia pospuso su gira, hasta recibir noticias m\u00e1s tranquilizantes.<\/p>\n\n\n\n<p>Fuente: <a href=\"https:\/\/www.eonline.com\/mx\/news\/1352425\/el-extrano-padecimiento-que-vive-kenia-os\" data-type=\"URL\" data-id=\"https:\/\/www.eonline.com\/mx\/news\/1352425\/el-extrano-padecimiento-que-vive-kenia-os\">E!<\/a><\/p>\n","protected":false},"excerpt":{"rendered":"<p>Para el estreno de su disco, la influencer organiz\u00f3 una fiesta a la que asistieron m\u00fasicos y youtubers, y platic\u00f3 con la prensa, entre otros temas, sobre c\u00f3mo lleva el tema de su salud. En septiembre, tras la fuerte ca\u00edda que sufri\u00f3, cont\u00f3 a sus fans: &#8220;Gente, vamos camino al hospital, me acabo de desmayar [&hellip;]<\/p>\n","protected":false},"author":35,"featured_media":54227,"comment_status":"open","ping_status":"open","sticky":false,"template":"","format":"standard","meta":{"_monsterinsights_skip_tracking":false,"_monsterinsights_sitenote_active":false,"_monsterinsights_sitenote_note":"","_monsterinsights_sitenote_category":0,"footnotes":""},"categories":[576],"tags":[20611,5455,16613,7595,9073],"class_list":["post-80375","post","type-post","status-publish","format-standard","has-post-thumbnail","hentry","category-ocio","tag-extrano","tag-kenia-os","tag-padecimiento","tag-revelan","tag-vive","wp-image-borders"],"amp_enabled":true,"_links":{"self":[{"href":"https:\/\/nvnoticias.mx\/index.php\/wp-json\/wp\/v2\/posts\/80375","targetHints":{"allow":["GET"]}}],"collection":[{"href":"https:\/\/nvnoticias.mx\/index.php\/wp-json\/wp\/v2\/posts"}],"about":[{"href":"https:\/\/nvnoticias.mx\/index.php\/wp-json\/wp\/v2\/types\/post"}],"author":[{"embeddable":true,"href":"https:\/\/nvnoticias.mx\/index.php\/wp-json\/wp\/v2\/users\/35"}],"replies":[{"embeddable":true,"href":"https:\/\/nvnoticias.mx\/index.php\/wp-json\/wp\/v2\/comments?post=80375"}],"version-history":[{"count":1,"href":"https:\/\/nvnoticias.mx\/index.php\/wp-json\/wp\/v2\/posts\/80375\/revisions"}],"predecessor-version":[{"id":80376,"href":"https:\/\/nvnoticias.mx\/index.php\/wp-json\/wp\/v2\/posts\/80375\/revisions\/80376"}],"wp:featuredmedia":[{"embeddable":true,"href":"https:\/\/nvnoticias.mx\/index.php\/wp-json\/wp\/v2\/media\/54227"}],"wp:attachment":[{"href":"https:\/\/nvnoticias.mx\/index.php\/wp-json\/wp\/v2\/media?parent=80375"}],"wp:term":[{"taxonomy":"category","embeddable":true,"href":"https:\/\/nvnoticias.mx\/index.php\/wp-json\/wp\/v2\/categories?post=80375"},{"taxonomy":"post_tag","embeddable":true,"href":"https:\/\/nvnoticias.mx\/index.php\/wp-json\/wp\/v2\/tags?post=80375"}],"curies":[{"name":"wp","href":"https:\/\/api.w.org\/{rel}","templated":true}]}}