{"id":80362,"date":"2022-10-28T15:43:18","date_gmt":"2022-10-28T20:43:18","guid":{"rendered":"https:\/\/nvnoticias.mx\/?p=80362"},"modified":"2022-10-28T15:43:19","modified_gmt":"2022-10-28T20:43:19","slug":"argentinos-juniors-inicia-campana-para-fichar-a-cristiano-ronaldo","status":"publish","type":"post","link":"https:\/\/nvnoticias.mx\/index.php\/2022\/10\/28\/argentinos-juniors-inicia-campana-para-fichar-a-cristiano-ronaldo\/","title":{"rendered":"Argentinos Juniors inicia campa\u00f1a para fichar a Cristiano Ronaldo"},"content":{"rendered":"\n<p>Cristiano Ronaldo podr\u00eda disputar la Copa Libertadores&#8230; o ese es, al menos, el sue\u00f1o de Argentinos Juniors, el club donde se cri\u00f3 como futbolista Diego Armando Maradona.<\/p>\n\n\n\n<p>#ElBichoAlBicho es la curiosa campa\u00f1a iniciada en las \u00faltimas horas por el club de Villa Crespo, barrio de Buenos Aires, en cuyas divisiones inferiores -apodadas &#8216;Los Cebollitas&#8217;- dio sus primeras patadas el astro argentino, fallecido en noviembre de 2020.<\/p>\n\n\n\n<p>La cuenta oficial de Twitter del club difundi\u00f3 en las \u00faltimas horas un mensaje, en el que solo inclu\u00eda el &#8216;emoji&#8217; de un bicho, nada extra\u00f1o considerando que ese es el apodo de la instituci\u00f3n fundada en 1904.<\/p>\n\n\n\n<p>Posteriormente, difundi\u00f3 un video en el que va desvelando progresivamente detalles de una camiseta de Argentinos Juniors hasta que aparece el nombre de Ronaldo a la espalda y la leyenda &#8220;So\u00f1ar en GRANDE&#8221;.<\/p>\n\n\n\n<figure class=\"wp-block-embed aligncenter is-type-rich is-provider-twitter wp-block-embed-twitter\"><div class=\"wp-block-embed__wrapper\">\n<blockquote class=\"twitter-tweet\" data-width=\"550\" data-dnt=\"true\"><p lang=\"es\" dir=\"ltr\"><a href=\"https:\/\/twitter.com\/hashtag\/AAAJ?src=hash&amp;ref_src=twsrc%5Etfw\">#AAAJ<\/a> So\u00f1ar en GRANDE ????<a href=\"https:\/\/twitter.com\/Cristiano?ref_src=twsrc%5Etfw\">@Cristiano<\/a> <a href=\"https:\/\/t.co\/iXaggodu1R\">pic.twitter.com\/iXaggodu1R<\/a><\/p>&mdash; Argentinos Juniors (@AAAJoficial) <a href=\"https:\/\/twitter.com\/AAAJoficial\/status\/1585743570325078016?ref_src=twsrc%5Etfw\">October 27, 2022<\/a><\/blockquote><script async src=\"https:\/\/platform.twitter.com\/widgets.js\" charset=\"utf-8\"><\/script>\n<\/div><\/figure>\n\n\n\n<p>Y el mensaje que, acto seguido, revolucion\u00f3 las redes fue el que este viernes ya suma m\u00e1s de 10 millones de &#8220;me gusta&#8221; y que incluye el montaje de una imagen de Cristiano Ronaldo con la camiseta del equipo argentino y el texto &#8220;A jugar la Libertadores&#8221;, junto a la etiqueta #ElBichoAlBicho.<\/p>\n\n\n\n<p>De esta manera, y fantaseando con el apodo por el que tambi\u00e9n se conoce al delantero del Manchester United, ganador de la Eurocopa y la Liga de Naciones con la selecci\u00f3n de Portugal, el Argentinos Juniors hizo que la etiqueta corriera como la p\u00f3lvora en las \u00faltimas horas en redes sociales.<\/p>\n\n\n\n<p>El Argentinos Juniors, club por el que han pasado jugadores de la talla de Fernando Redondo, Juan Rom\u00e1n Riquelme, Esteban Cambiasso o Juan Pablo Sor\u00edn, obtuvo d\u00edas atr\u00e1s su clasificaci\u00f3n para la Libertadores 2023, en la que debutar\u00e1 directamente en la fase de grupos, tras firmar una buena campa\u00f1a en el f\u00fatbol local.<\/p>\n\n\n\n<p>A las \u00f3rdenes del exjugador del Independiente argentino y de los espa\u00f1oles Zaragoza y Barcelona Gabriel Milito, que dirige el equipo desde la temporada 2019-2020, el Argentinos Juniors regresa a la Copa Libertadores, en la que ya particip\u00f3 tambi\u00e9n con \u00e9l en 2021.<\/p>\n\n\n\n<p>Previamente, hab\u00eda disputado en tres ediciones el torneo de clubes m\u00e1s importante del continente americano, en 1985, 1986 y 2011.<\/p>\n\n\n\n<p>Fuente: <a href=\"https:\/\/www.tudn.com\/futbol\/copa-libertadores\/argentinos-juniors-seduce-a-cristiano-ronaldo-para-que-juegue-copa-libertadores\">TUDN<\/a><\/p>\n","protected":false},"excerpt":{"rendered":"<p>Cristiano Ronaldo podr\u00eda disputar la Copa Libertadores&#8230; o ese es, al menos, el sue\u00f1o de Argentinos Juniors, el club donde se cri\u00f3 como futbolista Diego Armando Maradona. #ElBichoAlBicho es la curiosa campa\u00f1a iniciada en las \u00faltimas horas por el club de Villa Crespo, barrio de Buenos Aires, en cuyas divisiones inferiores -apodadas &#8216;Los Cebollitas&#8217;- dio [&hellip;]<\/p>\n","protected":false},"author":8,"featured_media":80365,"comment_status":"open","ping_status":"open","sticky":false,"template":"","format":"standard","meta":{"_monsterinsights_skip_tracking":false,"_monsterinsights_sitenote_active":false,"_monsterinsights_sitenote_note":"","_monsterinsights_sitenote_category":0,"footnotes":""},"categories":[159],"tags":[20608,3834,863,9291],"class_list":["post-80362","post","type-post","status-publish","format-standard","has-post-thumbnail","hentry","category-deportes","tag-argentinos-juniors","tag-copa-libertadores","tag-cristiano-ronaldo","tag-fichaje","wp-image-borders"],"amp_enabled":true,"_links":{"self":[{"href":"https:\/\/nvnoticias.mx\/index.php\/wp-json\/wp\/v2\/posts\/80362","targetHints":{"allow":["GET"]}}],"collection":[{"href":"https:\/\/nvnoticias.mx\/index.php\/wp-json\/wp\/v2\/posts"}],"about":[{"href":"https:\/\/nvnoticias.mx\/index.php\/wp-json\/wp\/v2\/types\/post"}],"author":[{"embeddable":true,"href":"https:\/\/nvnoticias.mx\/index.php\/wp-json\/wp\/v2\/users\/8"}],"replies":[{"embeddable":true,"href":"https:\/\/nvnoticias.mx\/index.php\/wp-json\/wp\/v2\/comments?post=80362"}],"version-history":[{"count":1,"href":"https:\/\/nvnoticias.mx\/index.php\/wp-json\/wp\/v2\/posts\/80362\/revisions"}],"predecessor-version":[{"id":80366,"href":"https:\/\/nvnoticias.mx\/index.php\/wp-json\/wp\/v2\/posts\/80362\/revisions\/80366"}],"wp:featuredmedia":[{"embeddable":true,"href":"https:\/\/nvnoticias.mx\/index.php\/wp-json\/wp\/v2\/media\/80365"}],"wp:attachment":[{"href":"https:\/\/nvnoticias.mx\/index.php\/wp-json\/wp\/v2\/media?parent=80362"}],"wp:term":[{"taxonomy":"category","embeddable":true,"href":"https:\/\/nvnoticias.mx\/index.php\/wp-json\/wp\/v2\/categories?post=80362"},{"taxonomy":"post_tag","embeddable":true,"href":"https:\/\/nvnoticias.mx\/index.php\/wp-json\/wp\/v2\/tags?post=80362"}],"curies":[{"name":"wp","href":"https:\/\/api.w.org\/{rel}","templated":true}]}}