{"id":80303,"date":"2022-10-28T11:58:15","date_gmt":"2022-10-28T16:58:15","guid":{"rendered":"https:\/\/nvnoticias.mx\/?p=80303"},"modified":"2022-10-28T11:58:16","modified_gmt":"2022-10-28T16:58:16","slug":"tom-brady-anuncio-su-divorcio-con-la-modelo-gisele-bundchen","status":"publish","type":"post","link":"https:\/\/nvnoticias.mx\/index.php\/2022\/10\/28\/tom-brady-anuncio-su-divorcio-con-la-modelo-gisele-bundchen\/","title":{"rendered":"Tom Brady anunci\u00f3 su divorcio con la modelo Gisele B\u00fcndchen"},"content":{"rendered":"\n<p>Lo que se manejaba como una especulaci\u00f3n se ha confirmado este viernes.<\/p>\n\n\n\n<p>Mediante un comunicado, el quarterback\u00a0Tom Brady\u00a0ha informado que la modelo brasile\u00f1a\u00a0Gisele B\u00fcndchen\u00a0se han divorciado.<\/p>\n\n\n\n<blockquote class=\"wp-block-quote is-layout-flow wp-block-quote-is-layout-flow\"><p><em>&#8220;Hace unos d\u00edas, mi esposa y yo finalizamos nuestro divorcio despu\u00e9s de 13 a\u00f1os de matrimonio. Llegamos a esta decisi\u00f3n de forma amigable y agradecidos por el tiempo que estuvimos juntos<\/em>&#8220;, inform\u00f3 el siete veces ganador del\u00a0Super Bowl.<\/p><\/blockquote>\n\n\n\n<blockquote class=\"wp-block-quote is-layout-flow wp-block-quote-is-layout-flow\"><p>&#8220;<em>Hemos sido bendecidos con unos bellos y maravillosos hijos, a los que continuaremos criando. Trabajaremos juntos como padres para asegurarnos de que reciban el amor y la atenci\u00f3n que merecen<\/em>&#8220;.<\/p><\/blockquote>\n\n\n\n<p>El pasador de los\u00a0Buccaneers de Tampa Bay\u00a0asegura que llegar a esta decisi\u00f3n fue &#8220;doloroso y dif\u00edcil&#8221;, pero que hay m\u00e1s cap\u00edtulos por escribir en su vida y sol\u00edcito respeto a la privacidad de ambos durante los siguientes d\u00edas y semanas.<\/p>\n\n\n\n<p>Fuente: <a href=\"https:\/\/www.eluniversal.com.mx\/universal-deportes\/tom-brady-anuncio-su-divorcio-con-la-modelo-gisele-bundchen\">El Universal<\/a><\/p>\n","protected":false},"excerpt":{"rendered":"<p>Lo que se manejaba como una especulaci\u00f3n se ha confirmado este viernes. Mediante un comunicado, el quarterback\u00a0Tom Brady\u00a0ha informado que la modelo brasile\u00f1a\u00a0Gisele B\u00fcndchen\u00a0se han divorciado. &#8220;Hace unos d\u00edas, mi esposa y yo finalizamos nuestro divorcio despu\u00e9s de 13 a\u00f1os de matrimonio. Llegamos a esta decisi\u00f3n de forma amigable y agradecidos por el tiempo que [&hellip;]<\/p>\n","protected":false},"author":8,"featured_media":80304,"comment_status":"open","ping_status":"open","sticky":false,"template":"","format":"standard","meta":{"_monsterinsights_skip_tracking":false,"_monsterinsights_sitenote_active":false,"_monsterinsights_sitenote_note":"","_monsterinsights_sitenote_category":0,"footnotes":""},"categories":[159],"tags":[11392,97,507],"class_list":["post-80303","post","type-post","status-publish","format-standard","has-post-thumbnail","hentry","category-deportes","tag-divorcio","tag-nfl","tag-tom-brady","wp-image-borders"],"amp_enabled":true,"_links":{"self":[{"href":"https:\/\/nvnoticias.mx\/index.php\/wp-json\/wp\/v2\/posts\/80303","targetHints":{"allow":["GET"]}}],"collection":[{"href":"https:\/\/nvnoticias.mx\/index.php\/wp-json\/wp\/v2\/posts"}],"about":[{"href":"https:\/\/nvnoticias.mx\/index.php\/wp-json\/wp\/v2\/types\/post"}],"author":[{"embeddable":true,"href":"https:\/\/nvnoticias.mx\/index.php\/wp-json\/wp\/v2\/users\/8"}],"replies":[{"embeddable":true,"href":"https:\/\/nvnoticias.mx\/index.php\/wp-json\/wp\/v2\/comments?post=80303"}],"version-history":[{"count":1,"href":"https:\/\/nvnoticias.mx\/index.php\/wp-json\/wp\/v2\/posts\/80303\/revisions"}],"predecessor-version":[{"id":80306,"href":"https:\/\/nvnoticias.mx\/index.php\/wp-json\/wp\/v2\/posts\/80303\/revisions\/80306"}],"wp:featuredmedia":[{"embeddable":true,"href":"https:\/\/nvnoticias.mx\/index.php\/wp-json\/wp\/v2\/media\/80304"}],"wp:attachment":[{"href":"https:\/\/nvnoticias.mx\/index.php\/wp-json\/wp\/v2\/media?parent=80303"}],"wp:term":[{"taxonomy":"category","embeddable":true,"href":"https:\/\/nvnoticias.mx\/index.php\/wp-json\/wp\/v2\/categories?post=80303"},{"taxonomy":"post_tag","embeddable":true,"href":"https:\/\/nvnoticias.mx\/index.php\/wp-json\/wp\/v2\/tags?post=80303"}],"curies":[{"name":"wp","href":"https:\/\/api.w.org\/{rel}","templated":true}]}}