{"id":80282,"date":"2022-10-28T10:25:19","date_gmt":"2022-10-28T15:25:19","guid":{"rendered":"https:\/\/nvnoticias.mx\/?p=80282"},"modified":"2022-10-28T10:25:20","modified_gmt":"2022-10-28T15:25:20","slug":"juan-reynoso-gana-demanda-a-cruz-azul-sera-indemnizado","status":"publish","type":"post","link":"https:\/\/nvnoticias.mx\/index.php\/2022\/10\/28\/juan-reynoso-gana-demanda-a-cruz-azul-sera-indemnizado\/","title":{"rendered":"Juan Reynoso gana demanda a Cruz Azul; ser\u00e1 indemnizado"},"content":{"rendered":"\n<p>El ex director t\u00e9cnico de\u00a0Cruz Azul, Juan Reynoso, recibir\u00e1 una indemnizaci\u00f3n de tres meses de su salario tras acreditar el despido injustificado del club cementero en mayo pasado.<\/p>\n\n\n\n<p>A cuatro meses de que\u00a0Cruz Azul\u00a0ingresara una demanda contra\u00a0Juan Reynoso\u00a0ante la Comisi\u00f3n de Conciliaci\u00f3n y Resoluci\u00f3n de Controversias (CCRC), el organismo de la\u00a0Federaci\u00f3n Mexicana de Futbol (FMF)\u00a0resolvi\u00f3 en favor del entrenador peruano.<\/p>\n\n\n\n<p>El club mexicano todav\u00eda puede ingresar una apelaci\u00f3n ante el\u00a0Tribunal de Arbitraje del Deporte (TAS), \u00faltima instancia para resolver el conflicto entre\u00a0Juan Reynoso\u00a0y\u00a0Cruz Azul, y cuya sentencia ser\u00eda inapelable para ambas partes.<\/p>\n\n\n\n<p>Las fuentes no precisaron el monto econ\u00f3mico que el club celeste tendr\u00e1 que desembolsar, pero se estima en varios millones de pesos, luego de que\u00a0Juan Reynoso\u00a0fuese despedido el 19 de mayo pasado al finalizar el Clausura 2022.<\/p>\n\n\n\n<p>El 29 de junio pasado, Cruz Azul\u00a0hab\u00eda demandado a\u00a0Juan Reynoso\u00a0en la C\u00e1mara de Controversias de la\u00a0FMF\u00a0con el fin de evitar el pago de la indemnizaci\u00f3n por el cese del hoy seleccionador de\u00a0Per\u00fa, en un caso in\u00e9dito en el futbol mexicano.<\/p>\n\n\n\n<p>Sin embargo, la CCRC resolvi\u00f3 en favor de\u00a0Juan Reynoso\u00a0al acreditar el despido injustificado y no una salida de mutuo acuerdo, como argumentaba\u00a0Cruz Azul, cuando al ex DT cementero le restaban todav\u00eda siete meses de contrato.<\/p>\n\n\n\n<p>Fuente: <a href=\"https:\/\/www.espn.com.mx\/futbol\/mexico\/nota\/_\/id\/11145720\/cruz-azul-juan-reynoso-acredita-despido-injustificado-y-recibira-indemizacion\">ESPN<\/a><\/p>\n\n\n\n<p><\/p>\n","protected":false},"excerpt":{"rendered":"<p>El ex director t\u00e9cnico de\u00a0Cruz Azul, Juan Reynoso, recibir\u00e1 una indemnizaci\u00f3n de tres meses de su salario tras acreditar el despido injustificado del club cementero en mayo pasado. A cuatro meses de que\u00a0Cruz Azul\u00a0ingresara una demanda contra\u00a0Juan Reynoso\u00a0ante la Comisi\u00f3n de Conciliaci\u00f3n y Resoluci\u00f3n de Controversias (CCRC), el organismo de la\u00a0Federaci\u00f3n Mexicana de Futbol (FMF)\u00a0resolvi\u00f3 [&hellip;]<\/p>\n","protected":false},"author":8,"featured_media":55328,"comment_status":"open","ping_status":"open","sticky":false,"template":"","format":"standard","meta":{"_monsterinsights_skip_tracking":false,"_monsterinsights_sitenote_active":false,"_monsterinsights_sitenote_note":"","_monsterinsights_sitenote_category":0,"footnotes":""},"categories":[159],"tags":[361,701,13224],"class_list":["post-80282","post","type-post","status-publish","format-standard","has-post-thumbnail","hentry","category-deportes","tag-cruz-azul","tag-demanda","tag-juan-reynoso","wp-image-borders"],"amp_enabled":true,"_links":{"self":[{"href":"https:\/\/nvnoticias.mx\/index.php\/wp-json\/wp\/v2\/posts\/80282","targetHints":{"allow":["GET"]}}],"collection":[{"href":"https:\/\/nvnoticias.mx\/index.php\/wp-json\/wp\/v2\/posts"}],"about":[{"href":"https:\/\/nvnoticias.mx\/index.php\/wp-json\/wp\/v2\/types\/post"}],"author":[{"embeddable":true,"href":"https:\/\/nvnoticias.mx\/index.php\/wp-json\/wp\/v2\/users\/8"}],"replies":[{"embeddable":true,"href":"https:\/\/nvnoticias.mx\/index.php\/wp-json\/wp\/v2\/comments?post=80282"}],"version-history":[{"count":1,"href":"https:\/\/nvnoticias.mx\/index.php\/wp-json\/wp\/v2\/posts\/80282\/revisions"}],"predecessor-version":[{"id":80283,"href":"https:\/\/nvnoticias.mx\/index.php\/wp-json\/wp\/v2\/posts\/80282\/revisions\/80283"}],"wp:featuredmedia":[{"embeddable":true,"href":"https:\/\/nvnoticias.mx\/index.php\/wp-json\/wp\/v2\/media\/55328"}],"wp:attachment":[{"href":"https:\/\/nvnoticias.mx\/index.php\/wp-json\/wp\/v2\/media?parent=80282"}],"wp:term":[{"taxonomy":"category","embeddable":true,"href":"https:\/\/nvnoticias.mx\/index.php\/wp-json\/wp\/v2\/categories?post=80282"},{"taxonomy":"post_tag","embeddable":true,"href":"https:\/\/nvnoticias.mx\/index.php\/wp-json\/wp\/v2\/tags?post=80282"}],"curies":[{"name":"wp","href":"https:\/\/api.w.org\/{rel}","templated":true}]}}