{"id":80241,"date":"2022-10-27T18:46:53","date_gmt":"2022-10-27T23:46:53","guid":{"rendered":"https:\/\/nvnoticias.mx\/?p=80241"},"modified":"2022-10-27T18:46:54","modified_gmt":"2022-10-27T23:46:54","slug":"investigan-queja-contra-director-del-penalito-por-supuesta-tortura-fisica-y-psicologica","status":"publish","type":"post","link":"https:\/\/nvnoticias.mx\/index.php\/2022\/10\/27\/investigan-queja-contra-director-del-penalito-por-supuesta-tortura-fisica-y-psicologica\/","title":{"rendered":"Investigan queja contra director del penalito por supuesta tortura f\u00edsica y psicol\u00f3gica"},"content":{"rendered":"\n<p><strong>Jes\u00fas Utrilla \/ NV Noticias<\/strong><\/p>\n\n\n\n<p>La Secretaria de Seguridad P\u00fablica del Estado y la Direcci\u00f3n General de Asuntos Internos del Gobierno del Estado, dieron entrada a la queja por actos de tortura f\u00edsica, extorsi\u00f3n y terrorismo psicol\u00f3gico, en contra el director del centro de detenci\u00f3n regional, mejor conocido como el penalito de Veracruz, \u00a0Iv\u00e1n M\u00e1rquez Lucido, quien cometi\u00f3 dichos actos contra el ex candidato a diputado local Antonio del Rio Argudin.\u00a0 \u00a0<\/p>\n\n\n\n<p>La denuncia, sustentada en una serie de videos en d\u00f3nde custodios y reos confirman los actos denunciados, acontecidos durante el tiempo que el ex candidato del desparecido partido pol\u00edtico \u201cPodemos\u201d, permaneci\u00f3 recluido en ese lugar durante m\u00e1s de 100 d\u00edas, tiempo en el que sufri\u00f3 agresiones f\u00edsicas y psicol\u00f3gicas de parte del propio director del Penalito.\u00a0 \u00a0 <\/p>\n\n\n\n<p>Ante ello y tras presentar la denuncia formal ante la Fiscal\u00eda General de Justicia del Estado, y luego de que la Comisi\u00f3n Nacional de Derechos Humanos iniciar\u00e1 las investigaciones para emitir una recomendaci\u00f3n a la Secretar\u00eda de Seguridad P\u00fablica por los actos denunciados, Antonio de Jes\u00fas del R\u00edo Argudin, asisti\u00f3 a la Direcci\u00f3n General de Asuntos Internos y a la Secretar\u00eda de Seguridad P\u00fablica del Estado para interponer la queja formal, en busca de justicia una vez que no solo \u00e9l ha sido v\u00edctima de estas acciones \u201cson el pan de cada d\u00eda, siempre hay extorsiones y agresiones contra quienes tienen la desgracia de caer en el penalito, sin importar la presunci\u00f3n de inocencia\u201d, se\u00f1al\u00f3.\u00a0 \u00a0<\/p>\n\n\n\n<p>Del R\u00edo Argudin asegur\u00f3 que los actos de violencia f\u00edsica en su contra (tablazos en los gl\u00fateos y \u2018pechazos\u2019) fueron no solo solapados por el director del Penalito, Iv\u00e1n M\u00e1rquez Lucido, sino que incluso c\u00f3mo lo atestiguan en el v\u00eddeo un custodio y dos personas que tambi\u00e9n estaban detenidos, fueron cometidos directamente por el funcionario en cuesti\u00f3n.\u00a0 \u00a0<\/p>\n\n\n\n<p>Fuentes de la dependencia informaron que se dio inicio a la investigaci\u00f3n correspondiente de los hechos, suscitados durante la gesti\u00f3n del ex titular de la misma Hugo Guti\u00e9rrez Maldonado, basados en la investigaci\u00f3n ministerial XAL\/FIM\/FEIDJ\/308\/2022<\/p>\n","protected":false},"excerpt":{"rendered":"<p>Jes\u00fas Utrilla \/ NV Noticias La Secretaria de Seguridad P\u00fablica del Estado y la Direcci\u00f3n General de Asuntos Internos del Gobierno del Estado, dieron entrada a la queja por actos de tortura f\u00edsica, extorsi\u00f3n y terrorismo psicol\u00f3gico, en contra el director del centro de detenci\u00f3n regional, mejor conocido como el penalito de Veracruz, \u00a0Iv\u00e1n M\u00e1rquez [&hellip;]<\/p>\n","protected":false},"author":8,"featured_media":80242,"comment_status":"open","ping_status":"open","sticky":false,"template":"","format":"standard","meta":{"_monsterinsights_skip_tracking":false,"_monsterinsights_sitenote_active":false,"_monsterinsights_sitenote_note":"","_monsterinsights_sitenote_category":0,"footnotes":""},"categories":[154],"tags":[19982,852,20583],"class_list":["post-80241","post","type-post","status-publish","format-standard","has-post-thumbnail","hentry","category-veracruz","tag-antonio-del-rio-argudin-2","tag-investigacion","tag-penalito","wp-image-borders"],"amp_enabled":true,"_links":{"self":[{"href":"https:\/\/nvnoticias.mx\/index.php\/wp-json\/wp\/v2\/posts\/80241","targetHints":{"allow":["GET"]}}],"collection":[{"href":"https:\/\/nvnoticias.mx\/index.php\/wp-json\/wp\/v2\/posts"}],"about":[{"href":"https:\/\/nvnoticias.mx\/index.php\/wp-json\/wp\/v2\/types\/post"}],"author":[{"embeddable":true,"href":"https:\/\/nvnoticias.mx\/index.php\/wp-json\/wp\/v2\/users\/8"}],"replies":[{"embeddable":true,"href":"https:\/\/nvnoticias.mx\/index.php\/wp-json\/wp\/v2\/comments?post=80241"}],"version-history":[{"count":1,"href":"https:\/\/nvnoticias.mx\/index.php\/wp-json\/wp\/v2\/posts\/80241\/revisions"}],"predecessor-version":[{"id":80243,"href":"https:\/\/nvnoticias.mx\/index.php\/wp-json\/wp\/v2\/posts\/80241\/revisions\/80243"}],"wp:featuredmedia":[{"embeddable":true,"href":"https:\/\/nvnoticias.mx\/index.php\/wp-json\/wp\/v2\/media\/80242"}],"wp:attachment":[{"href":"https:\/\/nvnoticias.mx\/index.php\/wp-json\/wp\/v2\/media?parent=80241"}],"wp:term":[{"taxonomy":"category","embeddable":true,"href":"https:\/\/nvnoticias.mx\/index.php\/wp-json\/wp\/v2\/categories?post=80241"},{"taxonomy":"post_tag","embeddable":true,"href":"https:\/\/nvnoticias.mx\/index.php\/wp-json\/wp\/v2\/tags?post=80241"}],"curies":[{"name":"wp","href":"https:\/\/api.w.org\/{rel}","templated":true}]}}