{"id":80183,"date":"2022-10-27T14:28:45","date_gmt":"2022-10-27T19:28:45","guid":{"rendered":"https:\/\/nvnoticias.mx\/?p=80183"},"modified":"2022-10-27T14:28:47","modified_gmt":"2022-10-27T19:28:47","slug":"deberes-y-virtudes","status":"publish","type":"post","link":"https:\/\/nvnoticias.mx\/index.php\/2022\/10\/27\/deberes-y-virtudes\/","title":{"rendered":"Deberes y virtudes"},"content":{"rendered":"\n<p><strong>Juan Jos\u00e9 Rodr\u00edguez Prats <\/strong><\/p>\n\n\n\n<blockquote class=\"wp-block-quote is-layout-flow wp-block-quote-is-layout-flow\"><p><em>El amor al poder es el amor a nosotros mismos.<\/em><\/p><cite>William Hazlit<\/cite><\/blockquote>\n\n\n\n<p>Nuestra actual crisis es m\u00e1s grave de lo que parece. Resulta ocioso seguir repasando los frustrantes resultados en todas las \u00e1reas de la administraci\u00f3n p\u00fablica del actual gobierno. A lo anterior se agrega un gran vac\u00edo en un discurso que transmita confianza y certidumbre. En una palabra, la crisis es pol\u00edtica y, por lo tanto, integral. Est\u00e1 en riesgo la viabilidad del Estado de derecho y la amenaza de estallidos sociales se reitera cotidianamente.<\/p>\n\n\n\n<p>El siglo XX nos ofrece un desfile de dirigentes de variado perfil. Hay dos tipos de liderazgo que est\u00e1n en los extremos y de ah\u00ed se desprenden diversos matices. Los denomino d\u00e9spotas y pol\u00edticos, y los prototipos son, a mi entender, Adolfo Hitler y Mija\u00edl Gorbachov.<\/p>\n\n\n\n<p>D\u00e9spota proviene del griego&nbsp;despot\u0113s&nbsp;y significa amo, due\u00f1o y, hablando de los imperios orientales, se\u00f1or absoluto. No distingue entre lo p\u00fablico y lo privado, gobierna patrimonialmente y trata los asuntos del Estado como si fueran de \u00edndole personal. Es de naturaleza ego\u00edsta y no concibe ninguna limitaci\u00f3n \u00e9tica en su ambici\u00f3n de concentrar poder y ejercerlo conforme su incontestable voluntad. Hitler arrib\u00f3 a la c\u00faspide conforme la normatividad de la Rep\u00fablica de Weimar y han sido suficientemente documentadas las enormes desgracias que provoc\u00f3.<\/p>\n\n\n\n<p>El pol\u00edtico tambi\u00e9n deriva del griego politik\u00f3s y significa \u201cperteneciente al gobierno, relativo a la ciudad\u201d. Por tanto, asume deberes y ejerce su oficio, contrario al d\u00e9spota, con virtudes, con altruismo. Gorbachov lleg\u00f3 a la cumbre del poder en la URSS conforme al proceso propio de ese sistema. Asumi\u00f3 deberes. Hizo un diagn\u00f3stico realista de la circunstancia y su conclusi\u00f3n fue contundente: \u201cNo podemos seguir as\u00ed\u201d. Sin grandes elucubraciones, concibi\u00f3 dos reformas: reestructuraci\u00f3n (Perestroika) y transparencia (Glasnost).<\/p>\n\n\n\n<p>Con esas dos elementales herramientas, emprendi\u00f3 la tarea haciendo acopio de virtudes que requiere el servidor p\u00fablico: trabajar con humildad, elegir a los colaboradores id\u00f3neos, respetar la dignidad de todos, tender puentes de entendimiento con otras naciones, evitar la violencia respetando la voluntad ciudadana y, en su momento, aceptar que su ciclo hab\u00eda concluido y optar por el hero\u00edsmo de la retirada.<\/p>\n\n\n\n<p>Se ha criticado que no previ\u00f3 el peligro de disolver aquella entelequia, pero en la poblaci\u00f3n no hab\u00eda permeado la doctrina marxista-leninista que la clase dirigente ostentaba. Muchas de aquellas naciones pertenec\u00edan al r\u00e9gimen sovi\u00e9tico en contra de su voluntad. Hoy, toda Europa del Este lo recuerda con gratitud. Termin\u00f3 con la Guerra Fr\u00eda y la bipolaridad del mundo. Como lo escribe en sus memorias, intent\u00f3 preservar alguna forma de unidad. Sin embargo, otros l\u00edderes sin sus convicciones se lo impidieron.<\/p>\n\n\n\n<p>En un momento en que pudo retroceder, manifest\u00f3: \u201cEstoy condenado a ir hacia adelante, s\u00f3lo hacia adelante. Y si retrocedo, \u00a1yo mismo perecer\u00e9 y la causa perecer\u00e1 tambi\u00e9n!\u201d. Su discurso en la ONU en diciembre de 1988 ha sido considerado el mejor en esa organizaci\u00f3n. El mensaje era claro: \u201cEl objetivo com\u00fan de vivir en un mundo en paz\u201d. El factor Gorbachov fue determinante para que la humanidad alcanzara esos logros. Ian Kershaw escribe: \u201cEn su caso, cabe decir rotundamente que un individuo cambi\u00f3 la historia y fue para mejor\u201d.<\/p>\n\n\n\n<p>En una conferencia de prensa expres\u00f3: \u201cLa afirmaci\u00f3n de un hombre libre, como un valor superior, supremo, con sus derechos, libertades, con la libertad econ\u00f3mica, pol\u00edtica, religiosa (\u2026) la conjugaci\u00f3n de todo aquello que estimula la producci\u00f3n (\u2026) y, por otro lado, la presencia del papel social del propio Estado que no deje estas ideas liberales de la eficacia realizarse a costa del menosprecio del bienestar social del pueblo. Se requiere una armon\u00eda\u201d.<\/p>\n\n\n\n<p>Extraordinaria lecci\u00f3n y su mayor legado, hacer pol\u00edtica como un asunto de deberes y virtudes. Para el gobernante, el dilema es claro: o se es d\u00e9spota o se es pol\u00edtico.<\/p>\n","protected":false},"excerpt":{"rendered":"<p>Juan Jos\u00e9 Rodr\u00edguez Prats El amor al poder es el amor a nosotros mismos. William Hazlit Nuestra actual crisis es m\u00e1s grave de lo que parece. Resulta ocioso seguir repasando los frustrantes resultados en todas las \u00e1reas de la administraci\u00f3n p\u00fablica del actual gobierno. A lo anterior se agrega un gran vac\u00edo en un discurso [&hellip;]<\/p>\n","protected":false},"author":17,"featured_media":80184,"comment_status":"open","ping_status":"open","sticky":false,"template":"","format":"standard","meta":{"_monsterinsights_skip_tracking":false,"_monsterinsights_sitenote_active":false,"_monsterinsights_sitenote_note":"","_monsterinsights_sitenote_category":0,"footnotes":""},"categories":[614],"tags":[397],"class_list":["post-80183","post","type-post","status-publish","format-standard","has-post-thumbnail","hentry","category-politica-de-principios","tag-juan-jose-rodriguez-prats-2","wp-image-borders"],"amp_enabled":true,"_links":{"self":[{"href":"https:\/\/nvnoticias.mx\/index.php\/wp-json\/wp\/v2\/posts\/80183","targetHints":{"allow":["GET"]}}],"collection":[{"href":"https:\/\/nvnoticias.mx\/index.php\/wp-json\/wp\/v2\/posts"}],"about":[{"href":"https:\/\/nvnoticias.mx\/index.php\/wp-json\/wp\/v2\/types\/post"}],"author":[{"embeddable":true,"href":"https:\/\/nvnoticias.mx\/index.php\/wp-json\/wp\/v2\/users\/17"}],"replies":[{"embeddable":true,"href":"https:\/\/nvnoticias.mx\/index.php\/wp-json\/wp\/v2\/comments?post=80183"}],"version-history":[{"count":1,"href":"https:\/\/nvnoticias.mx\/index.php\/wp-json\/wp\/v2\/posts\/80183\/revisions"}],"predecessor-version":[{"id":80185,"href":"https:\/\/nvnoticias.mx\/index.php\/wp-json\/wp\/v2\/posts\/80183\/revisions\/80185"}],"wp:featuredmedia":[{"embeddable":true,"href":"https:\/\/nvnoticias.mx\/index.php\/wp-json\/wp\/v2\/media\/80184"}],"wp:attachment":[{"href":"https:\/\/nvnoticias.mx\/index.php\/wp-json\/wp\/v2\/media?parent=80183"}],"wp:term":[{"taxonomy":"category","embeddable":true,"href":"https:\/\/nvnoticias.mx\/index.php\/wp-json\/wp\/v2\/categories?post=80183"},{"taxonomy":"post_tag","embeddable":true,"href":"https:\/\/nvnoticias.mx\/index.php\/wp-json\/wp\/v2\/tags?post=80183"}],"curies":[{"name":"wp","href":"https:\/\/api.w.org\/{rel}","templated":true}]}}