{"id":80153,"date":"2022-10-27T12:13:24","date_gmt":"2022-10-27T17:13:24","guid":{"rendered":"https:\/\/nvnoticias.mx\/?p=80153"},"modified":"2022-10-27T12:13:25","modified_gmt":"2022-10-27T17:13:25","slug":"gran-premio-de-mexico-seguira-hasta-2025","status":"publish","type":"post","link":"https:\/\/nvnoticias.mx\/index.php\/2022\/10\/27\/gran-premio-de-mexico-seguira-hasta-2025\/","title":{"rendered":"Gran Premio de M\u00e9xico seguir\u00e1 hasta 2025"},"content":{"rendered":"\n<p>El Gran Premio de M\u00e9xico renueva contrato por tres a\u00f1os m\u00e1s en la Ciudad de M\u00e9xico. As\u00ed lo anunciaron autoridades del Gobierno de la CDMX en una conferencia de prensa en donde confirmaron que el pa\u00eds albergar\u00e1 carreras hasta 2025.<\/p>\n\n\n\n<p>Apenas a un d\u00eda del arranque de las jornadas en el Aut\u00f3dromo Hermanos Rodr\u00edguez, se ha dado la noticia que miles de aficionados esperaban por parte de Alejandro Sober\u00f3n, Presidente Ejecutivo y Director General CIE.<\/p>\n\n\n\n<blockquote class=\"wp-block-quote is-layout-flow wp-block-quote-is-layout-flow\"><p><em>\u201cEl mantener al Gran Premio en la capital por tres a\u00f1os m\u00e1s es producto de un esfuerzo coordinado por conservar un evento que beneficia a la capital y entusiasma a miles de aficionados<\/em>\u201d, revel\u00f3.<\/p><\/blockquote>\n\n\n\n<p>A lo largo de seis ediciones realizadas, el evento deportivo de F\u00f3rmula 1 dej\u00f3 una derrama econ\u00f3mica acumulada (hasta 2021) de 89 mil 527 millones de pesos, adem\u00e1s de que favoreci\u00f3 a la creaci\u00f3n de 57 mil empleos.<\/p>\n\n\n\n<figure class=\"wp-block-embed aligncenter is-type-rich is-provider-twitter wp-block-embed-twitter\"><div class=\"wp-block-embed__wrapper\">\n<blockquote class=\"twitter-tweet\" data-width=\"550\" data-dnt=\"true\"><p lang=\"es\" dir=\"ltr\">Las palabras del anuncio de la renovaci\u00f3n hasta 2025 del <a href=\"https:\/\/twitter.com\/mexicogp?ref_src=twsrc%5Etfw\">@mexicogp<\/a> por Alejandro Sober\u00f3n <a href=\"https:\/\/t.co\/lUJscV4tvy\">pic.twitter.com\/lUJscV4tvy<\/a><\/p>&mdash; Luis Ramirez (@luisramv) <a href=\"https:\/\/twitter.com\/luisramv\/status\/1585671609192415244?ref_src=twsrc%5Etfw\">October 27, 2022<\/a><\/blockquote><script async src=\"https:\/\/platform.twitter.com\/widgets.js\" charset=\"utf-8\"><\/script>\n<\/div><\/figure>\n\n\n\n<p>Como sorpresa, lleg\u00f3 el piloto mexicano Sergio \u2018Checo\u2019 P\u00e9rez, quien representa a Red Bull.<\/p>\n\n\n\n<blockquote class=\"wp-block-quote is-layout-flow wp-block-quote-is-layout-flow\"><p>\u201c<em>Estoy muy contento de esta gran fiesta, de lo que traemos a todo nuestro pa\u00eds y lo que representa este evento. Feliz por la extensi\u00f3n que vamos a tener muchos a\u00f1os m\u00e1s esta fiesta. Espero que sea un excelente fin de semana y que todo nos salga bien<\/em>\u201d.<\/p><\/blockquote>\n\n\n\n<p>Asimismo, asegur\u00f3 que espera que en un futuro el pa\u00eds genere m\u00e1s pilotos mexicanos tras el crecimiento que ha tenido la F1 en los \u00faltimos a\u00f1os.<\/p>\n\n\n\n<h4 class=\"wp-block-heading\">Museo CDMX en el marco de la F\u00f3rmula 1<\/h4>\n\n\n\n<p>Como parte del 60 aniversario del primer Gran Premio en el pa\u00eds es que se presentar\u00e1 en el pabell\u00f3n Museo Ciudad de M\u00e9xico una exposici\u00f3n dedicada a la m\u00e1xima categor\u00eda del automovilismo que ha recibido a m\u00e1s de dos millones de aficionados a lo largo de 7 a\u00f1os.<\/p>\n\n\n\n<blockquote class=\"wp-block-quote is-layout-flow wp-block-quote-is-layout-flow\"><p>\u201c<em>Ha ido curado con distintos autom\u00f3viles que nos recuerdan que se cumplen 60 a\u00f1os de la primera vez que estuvo la F\u00f3rmula 1 en nuestra ciudad, que nos recuerda a los hermanos Rodr\u00edguez y a los grandes pilotos que han sido parte de esta experiencia<\/em>\u201d, apunt\u00f3 la Jefa de Gobierno de la Ciudad de M\u00e9xico, Claudia Sheinbaum.<\/p><\/blockquote>\n\n\n\n<p>Fuente: <a href=\"https:\/\/www.elfinanciero.com.mx\/deportes\/2022\/10\/27\/gp-de-mexico-se-queda-en-cdmx-alargan-contrato-hasta-2025\/?outputType=amp\">El Financiero<\/a><\/p>\n","protected":false},"excerpt":{"rendered":"<p>El Gran Premio de M\u00e9xico renueva contrato por tres a\u00f1os m\u00e1s en la Ciudad de M\u00e9xico. As\u00ed lo anunciaron autoridades del Gobierno de la CDMX en una conferencia de prensa en donde confirmaron que el pa\u00eds albergar\u00e1 carreras hasta 2025. Apenas a un d\u00eda del arranque de las jornadas en el Aut\u00f3dromo Hermanos Rodr\u00edguez, se [&hellip;]<\/p>\n","protected":false},"author":8,"featured_media":80156,"comment_status":"open","ping_status":"open","sticky":false,"template":"","format":"standard","meta":{"_monsterinsights_skip_tracking":false,"_monsterinsights_sitenote_active":false,"_monsterinsights_sitenote_note":"","_monsterinsights_sitenote_category":0,"footnotes":""},"categories":[159],"tags":[18739,3699,6611],"class_list":["post-80153","post","type-post","status-publish","format-standard","has-post-thumbnail","hentry","category-deportes","tag-18739","tag-f1","tag-gran-premio-de-mexico","wp-image-borders"],"amp_enabled":true,"_links":{"self":[{"href":"https:\/\/nvnoticias.mx\/index.php\/wp-json\/wp\/v2\/posts\/80153","targetHints":{"allow":["GET"]}}],"collection":[{"href":"https:\/\/nvnoticias.mx\/index.php\/wp-json\/wp\/v2\/posts"}],"about":[{"href":"https:\/\/nvnoticias.mx\/index.php\/wp-json\/wp\/v2\/types\/post"}],"author":[{"embeddable":true,"href":"https:\/\/nvnoticias.mx\/index.php\/wp-json\/wp\/v2\/users\/8"}],"replies":[{"embeddable":true,"href":"https:\/\/nvnoticias.mx\/index.php\/wp-json\/wp\/v2\/comments?post=80153"}],"version-history":[{"count":1,"href":"https:\/\/nvnoticias.mx\/index.php\/wp-json\/wp\/v2\/posts\/80153\/revisions"}],"predecessor-version":[{"id":80157,"href":"https:\/\/nvnoticias.mx\/index.php\/wp-json\/wp\/v2\/posts\/80153\/revisions\/80157"}],"wp:featuredmedia":[{"embeddable":true,"href":"https:\/\/nvnoticias.mx\/index.php\/wp-json\/wp\/v2\/media\/80156"}],"wp:attachment":[{"href":"https:\/\/nvnoticias.mx\/index.php\/wp-json\/wp\/v2\/media?parent=80153"}],"wp:term":[{"taxonomy":"category","embeddable":true,"href":"https:\/\/nvnoticias.mx\/index.php\/wp-json\/wp\/v2\/categories?post=80153"},{"taxonomy":"post_tag","embeddable":true,"href":"https:\/\/nvnoticias.mx\/index.php\/wp-json\/wp\/v2\/tags?post=80153"}],"curies":[{"name":"wp","href":"https:\/\/api.w.org\/{rel}","templated":true}]}}