{"id":80151,"date":"2022-10-27T11:54:19","date_gmt":"2022-10-27T16:54:19","guid":{"rendered":"https:\/\/nvnoticias.mx\/?p=80151"},"modified":"2022-10-27T11:54:21","modified_gmt":"2022-10-27T16:54:21","slug":"comprara-elon-musk-twitter-para-ayudar-a-la-humanidad","status":"publish","type":"post","link":"https:\/\/nvnoticias.mx\/index.php\/2022\/10\/27\/comprara-elon-musk-twitter-para-ayudar-a-la-humanidad\/","title":{"rendered":"Comprar\u00e1 Elon Musk Twitter para &#8220;ayudar a la humanidad&#8221;"},"content":{"rendered":"\n<p>Elon Musk\u00a0dijo, a trav\u00e9s de\u00a0Twitter,\u00a0que est\u00e1 comprando la\u00a0<strong>red social\u00a0<\/strong>\u201cpara ayudar a la humanidad\u201d y que no quiere que se convierta \u201cen un\u00a0<strong>infierno an\u00e1rquico\u201d<\/strong>\u00a0donde se puede decir cualquier cosa sin repercusiones.<\/p>\n\n\n\n<p>El mensaje que public\u00f3 Musk a sus anunciantes en su cuenta oficial de\u00a0<strong>Twitter\u00a0<\/strong>surge un d\u00eda antes de cumplirse el plazo para que el hombre m\u00e1s rico del mundo concrete su acuerdo de comprar a la compa\u00f1\u00eda por\u00a0<strong>44 mil millones de d\u00f3lares<\/strong>.<\/p>\n\n\n\n<p>Musk, el due\u00f1o de la firma automotriz Tesla, tambi\u00e9n dijo que&nbsp;<strong>estaba comprando la red social porque es &#8220;importante para el futuro de la civilizaci\u00f3n tener una plaza p\u00fablica en l\u00ednea donde una gran variedad de opiniones&nbsp;<\/strong>puedan debatirse de manera saludable, sin recurrir a la violencia&#8221;.<\/p>\n\n\n\n<blockquote class=\"wp-block-quote is-layout-flow wp-block-quote-is-layout-flow\"><p>&#8220;Dicho esto,&nbsp;<strong>Twitter&nbsp;<\/strong>obviamente no puede ser un lugar infernal abierto a todos, donde pueda decirse todo sin consecuencias&#8221;, refiri\u00f3 tambi\u00e9n el magnate en un mensaje enviado a los anunciantes un d\u00eda antes de la fecha l\u00edmite para la operaci\u00f3n de compra, determinada por la justicia.<\/p><\/blockquote>\n\n\n\n<p>\u201cLa raz\u00f3n por la que adquir\u00ed Twitter es porque es importante para el futuro de la civilizaci\u00f3n tener una plaza p\u00fablica com\u00fan, donde se pueda debatir una amplia gama de opiniones de manera saludable, sin recurrir a la violencia\u201d, escribi\u00f3 Musk.<\/p>\n\n\n\n<p>Fuente: <a href=\"https:\/\/www.milenio.com\/negocios\/elon-musk-comprara-twitter-ayudar-humanidad\" data-type=\"URL\" data-id=\"https:\/\/www.milenio.com\/negocios\/elon-musk-comprara-twitter-ayudar-humanidad\">Milenio<\/a><\/p>\n","protected":false},"excerpt":{"rendered":"<p>Elon Musk\u00a0dijo, a trav\u00e9s de\u00a0Twitter,\u00a0que est\u00e1 comprando la\u00a0red social\u00a0\u201cpara ayudar a la humanidad\u201d y que no quiere que se convierta \u201cen un\u00a0infierno an\u00e1rquico\u201d\u00a0donde se puede decir cualquier cosa sin repercusiones. El mensaje que public\u00f3 Musk a sus anunciantes en su cuenta oficial de\u00a0Twitter\u00a0surge un d\u00eda antes de cumplirse el plazo para que el hombre m\u00e1s [&hellip;]<\/p>\n","protected":false},"author":35,"featured_media":64075,"comment_status":"open","ping_status":"open","sticky":false,"template":"","format":"standard","meta":{"_monsterinsights_skip_tracking":false,"_monsterinsights_sitenote_active":false,"_monsterinsights_sitenote_note":"","_monsterinsights_sitenote_category":0,"footnotes":""},"categories":[576],"tags":[9956,14532,281,11222],"class_list":["post-80151","post","type-post","status-publish","format-standard","has-post-thumbnail","hentry","category-ocio","tag-ayudar","tag-comprara","tag-elon-musk","tag-humanidad","wp-image-borders"],"amp_enabled":true,"_links":{"self":[{"href":"https:\/\/nvnoticias.mx\/index.php\/wp-json\/wp\/v2\/posts\/80151","targetHints":{"allow":["GET"]}}],"collection":[{"href":"https:\/\/nvnoticias.mx\/index.php\/wp-json\/wp\/v2\/posts"}],"about":[{"href":"https:\/\/nvnoticias.mx\/index.php\/wp-json\/wp\/v2\/types\/post"}],"author":[{"embeddable":true,"href":"https:\/\/nvnoticias.mx\/index.php\/wp-json\/wp\/v2\/users\/35"}],"replies":[{"embeddable":true,"href":"https:\/\/nvnoticias.mx\/index.php\/wp-json\/wp\/v2\/comments?post=80151"}],"version-history":[{"count":1,"href":"https:\/\/nvnoticias.mx\/index.php\/wp-json\/wp\/v2\/posts\/80151\/revisions"}],"predecessor-version":[{"id":80152,"href":"https:\/\/nvnoticias.mx\/index.php\/wp-json\/wp\/v2\/posts\/80151\/revisions\/80152"}],"wp:featuredmedia":[{"embeddable":true,"href":"https:\/\/nvnoticias.mx\/index.php\/wp-json\/wp\/v2\/media\/64075"}],"wp:attachment":[{"href":"https:\/\/nvnoticias.mx\/index.php\/wp-json\/wp\/v2\/media?parent=80151"}],"wp:term":[{"taxonomy":"category","embeddable":true,"href":"https:\/\/nvnoticias.mx\/index.php\/wp-json\/wp\/v2\/categories?post=80151"},{"taxonomy":"post_tag","embeddable":true,"href":"https:\/\/nvnoticias.mx\/index.php\/wp-json\/wp\/v2\/tags?post=80151"}],"curies":[{"name":"wp","href":"https:\/\/api.w.org\/{rel}","templated":true}]}}