{"id":80064,"date":"2022-10-26T14:37:51","date_gmt":"2022-10-26T19:37:51","guid":{"rendered":"https:\/\/nvnoticias.mx\/?p=80064"},"modified":"2022-10-26T14:37:52","modified_gmt":"2022-10-26T19:37:52","slug":"acusa-adan-augusto-a-felipe-calderon-de-torcer-el-rumbo-del-pais","status":"publish","type":"post","link":"https:\/\/nvnoticias.mx\/index.php\/2022\/10\/26\/acusa-adan-augusto-a-felipe-calderon-de-torcer-el-rumbo-del-pais\/","title":{"rendered":"Acusa Ad\u00e1n Augusto a Felipe Calder\u00f3n de torcer el rumbo del pa\u00eds"},"content":{"rendered":"\n<p>El secretario de Gobernaci\u00f3n,&nbsp;<strong>Ad\u00e1n Augusto L\u00f3pez Hern\u00e1ndez<\/strong>, acus\u00f3 al gobierno del expresidente<strong>&nbsp;Felipe Calder\u00f3n<\/strong>&nbsp;de torcer el rumbo del pa\u00eds al emprender una \u201cabsurda\u201d&nbsp;<strong>guerra contra el narcotr\u00e1fico<\/strong>, adem\u00e1s de institucionalizar la corrupci\u00f3n&nbsp;<strong>entreg\u00e1ndole armas de fuego al crimen organizado.&nbsp;<\/strong><\/p>\n\n\n\n<p>Al sostener un di\u00e1logo con los diputados del Congreso de San Luis Potos\u00ed para hablar de la reforma que extiende hasta 2028 la\u00a0<strong>presencia\u00a0<u>militar en las calles<\/u><\/strong>, el funcionario afirm\u00f3 que el brazo de la justicia alcanzar\u00e1 a los responsables de esa guerra y de la entrega de armas de fuego al crimen organizado\u00a0<\/p>\n\n\n\n<blockquote class=\"wp-block-quote is-layout-flow wp-block-quote-is-layout-flow\"><p>\u201cEso es un\u00a0<strong>crimen de lesa humanidad<\/strong>\u00a0y por eso afortunadamente ya est\u00e1 detenido en los Estados Unidos el exsecretario de Seguridad P\u00fablica del gobierno de Felipe Calder\u00f3n y seguramente llegar\u00e1 el brazo de la justicia, llegar\u00e1 porque hay investigaciones de car\u00e1cter internacional que ayudar\u00e1n a que finalmente los mexicanos podamos cerrar esa desgraciada p\u00e1gina de la historia, pero yo le aseguro que nunca m\u00e1s en M\u00e9xico volveremos a vivir un episodio como ese\u201d, remarc\u00f3.\u00a0<\/p><\/blockquote>\n\n\n\n<p>Rechaz\u00f3 las cr\u00edticas de la diputada panista Liliana Flores, quien calific\u00f3 de fallida la estrategia de seguridad p\u00fablica del gobierno federal y llam\u00f3 a construir instituciones de seguridad civil.\u00a0<\/p>\n\n\n\n<blockquote class=\"wp-block-quote is-layout-flow wp-block-quote-is-layout-flow\"><p>\u201cEstamos aqu\u00ed porque quienes tuvieron la responsabilidad de conducir los destinos del pa\u00eds torcieron el rumbo, por decirlo de manera elegante. No fue este gobierno el que sac\u00f3 a los militares a las calles una oscura ma\u00f1ana del 6 de diciembre de 2006 y llevaron a nuestras fuerzas armadas a una absurda guerra contra el crimen organizado, so pretexto de que se iba a combatir al narcotr\u00e1fico\u201d, enfatiz\u00f3.\u00a0<\/p><\/blockquote>\n\n\n\n<p>El titular de la Secretar\u00eda de Gobernaci\u00f3n asegur\u00f3 que record\u00f3 que \u201cno fue este gobierno el que en el colmo de lo absurdo institucionaliz\u00f3 la corrupci\u00f3n, entregando incluso armamento que deb\u00eda de destinarse a nuestras fuerzas armadas en algo que se conoce como R\u00e1pido y Furioso. Prefirieron hacer ping\u00fces negocios a costa de la seguridad, de la tranquilidad de los mexicanos. Imag\u00ednense ustedes, se atrevieron a que un armamento de primera generaci\u00f3n que deb\u00eda ser utilizado por nuestras fuerzas armadas, que ten\u00edan incluso una especie de geolocalizador, en un absurdo convenio con un gobierno extranjero, fueron entregadas sin ning\u00fan miramiento el crimen organizado\u201d.<\/p>\n\n\n\n<p>Ad\u00e1n Augusto L\u00f3pez recrimin\u00f3 que por ese operativo, perdieron la vida no nada m\u00e1s elementos de las fuerzas armadas, sino muchos inocentes mexicanos. Eso es un crimen de lesa humanidad\u201d, insisti\u00f3.<\/p>\n\n\n\n<p>Fuente:<a href=\"https:\/\/www.eluniversal.com.mx\/nacion\/acusa-adan-augusto-felipe-calderon-de-torcer-el-rumbo-del-pais-al-emprender-una-guerra-contra-el-narco\" data-type=\"URL\" data-id=\"https:\/\/www.eluniversal.com.mx\/nacion\/acusa-adan-augusto-felipe-calderon-de-torcer-el-rumbo-del-pais-al-emprender-una-guerra-contra-el-narco\"> EL Universal<\/a><\/p>\n","protected":false},"excerpt":{"rendered":"<p>El secretario de Gobernaci\u00f3n,&nbsp;Ad\u00e1n Augusto L\u00f3pez Hern\u00e1ndez, acus\u00f3 al gobierno del expresidente&nbsp;Felipe Calder\u00f3n&nbsp;de torcer el rumbo del pa\u00eds al emprender una \u201cabsurda\u201d&nbsp;guerra contra el narcotr\u00e1fico, adem\u00e1s de institucionalizar la corrupci\u00f3n&nbsp;entreg\u00e1ndole armas de fuego al crimen organizado.&nbsp; Al sostener un di\u00e1logo con los diputados del Congreso de San Luis Potos\u00ed para hablar de la reforma que [&hellip;]<\/p>\n","protected":false},"author":35,"featured_media":79773,"comment_status":"open","ping_status":"open","sticky":false,"template":"","format":"standard","meta":{"_monsterinsights_skip_tracking":false,"_monsterinsights_sitenote_active":false,"_monsterinsights_sitenote_note":"","_monsterinsights_sitenote_category":0,"footnotes":""},"categories":[158],"tags":[8897,5879,13543,5203,7754,20548],"class_list":["post-80064","post","type-post","status-publish","format-standard","has-post-thumbnail","hentry","category-politica","tag-acusa","tag-adan-augusto","tag-felipe-calderon","tag-pais","tag-rumbo","tag-torcer","wp-image-borders"],"amp_enabled":true,"_links":{"self":[{"href":"https:\/\/nvnoticias.mx\/index.php\/wp-json\/wp\/v2\/posts\/80064","targetHints":{"allow":["GET"]}}],"collection":[{"href":"https:\/\/nvnoticias.mx\/index.php\/wp-json\/wp\/v2\/posts"}],"about":[{"href":"https:\/\/nvnoticias.mx\/index.php\/wp-json\/wp\/v2\/types\/post"}],"author":[{"embeddable":true,"href":"https:\/\/nvnoticias.mx\/index.php\/wp-json\/wp\/v2\/users\/35"}],"replies":[{"embeddable":true,"href":"https:\/\/nvnoticias.mx\/index.php\/wp-json\/wp\/v2\/comments?post=80064"}],"version-history":[{"count":1,"href":"https:\/\/nvnoticias.mx\/index.php\/wp-json\/wp\/v2\/posts\/80064\/revisions"}],"predecessor-version":[{"id":80065,"href":"https:\/\/nvnoticias.mx\/index.php\/wp-json\/wp\/v2\/posts\/80064\/revisions\/80065"}],"wp:featuredmedia":[{"embeddable":true,"href":"https:\/\/nvnoticias.mx\/index.php\/wp-json\/wp\/v2\/media\/79773"}],"wp:attachment":[{"href":"https:\/\/nvnoticias.mx\/index.php\/wp-json\/wp\/v2\/media?parent=80064"}],"wp:term":[{"taxonomy":"category","embeddable":true,"href":"https:\/\/nvnoticias.mx\/index.php\/wp-json\/wp\/v2\/categories?post=80064"},{"taxonomy":"post_tag","embeddable":true,"href":"https:\/\/nvnoticias.mx\/index.php\/wp-json\/wp\/v2\/tags?post=80064"}],"curies":[{"name":"wp","href":"https:\/\/api.w.org\/{rel}","templated":true}]}}