{"id":800,"date":"2021-01-09T11:23:58","date_gmt":"2021-01-09T17:23:58","guid":{"rendered":"https:\/\/nvnoticias.mx\/?p=800"},"modified":"2021-01-09T11:23:59","modified_gmt":"2021-01-09T17:23:59","slug":"en-opacidad-recursos-destinados-al-programa-estatal-de-vih","status":"publish","type":"post","link":"https:\/\/nvnoticias.mx\/index.php\/2021\/01\/09\/en-opacidad-recursos-destinados-al-programa-estatal-de-vih\/","title":{"rendered":"En opacidad, recursos destinados al Programa Estatal de VIH"},"content":{"rendered":"\n<p><strong>Sam Ojeda \/ NV Noticias<\/strong><\/p>\n\n\n\n<p>Xalapa.- La Secretar\u00eda de Salud mantiene un uso opaco de los recursos que destina al Programa Estatal de VIH, se\u00f1al\u00f3 la coordinadora del Grupo Multisectorial VIH-SIDA, Patricia Ponce.<\/p>\n\n\n\n<p>Lo anterior ya que dijo en 2020 no se inform\u00f3 la cantidad de recursos que se destinaron para atender este tema.<\/p>\n\n\n\n<p>Esto, a\u00f1adi\u00f3, se debe a que los diputados locales no pusieron \u201ccandados\u201d a los recursos que son entregados a la Secretar\u00eda de Salud.<\/p>\n\n\n\n<blockquote class=\"wp-block-quote is-layout-flow wp-block-quote-is-layout-flow\"><p>\u201cDesde hace dos a\u00f1os los diputados que los diputados no ponen el candado para que sea usado espec\u00edficamente para ello y los entregan de manera general a la Secretar\u00eda de Salud, entonces no hay datos ni cifras sobre ello\u201d.<\/p><\/blockquote>\n\n\n\n<p>Record\u00f3 que Veracruz es el cuarto lugar a nivel nacional en cuanto a casos confirmados de VIH con 29 mil 768 casos de 1983 a la fecha.<\/p>\n\n\n\n<p>Y advirti\u00f3 que este 2021 ser\u00e1 un a\u00f1o \u201dgrave\u201d para enfrentar la pandemia porque adem\u00e1s hay una disminuci\u00f3n de recursos tanto en la federaci\u00f3n como en el caso de los gobiernos estatales.&nbsp;<\/p>\n","protected":false},"excerpt":{"rendered":"<p>Sam Ojeda \/ NV Noticias Xalapa.- La Secretar\u00eda de Salud mantiene un uso opaco de los recursos que destina al Programa Estatal de VIH, se\u00f1al\u00f3 la coordinadora del Grupo Multisectorial VIH-SIDA, Patricia Ponce. Lo anterior ya que dijo en 2020 no se inform\u00f3 la cantidad de recursos que se destinaron para atender este tema. Esto, [&hellip;]<\/p>\n","protected":false},"author":6,"featured_media":803,"comment_status":"open","ping_status":"open","sticky":false,"template":"","format":"standard","meta":{"_monsterinsights_skip_tracking":false,"_monsterinsights_sitenote_active":false,"_monsterinsights_sitenote_note":"","_monsterinsights_sitenote_category":0,"footnotes":""},"categories":[156],"tags":[314,162,313,312],"class_list":["post-800","post","type-post","status-publish","format-standard","has-post-thumbnail","hentry","category-estado","tag-estado","tag-portada","tag-vih","tag-xalapa","wp-image-borders"],"amp_enabled":true,"_links":{"self":[{"href":"https:\/\/nvnoticias.mx\/index.php\/wp-json\/wp\/v2\/posts\/800","targetHints":{"allow":["GET"]}}],"collection":[{"href":"https:\/\/nvnoticias.mx\/index.php\/wp-json\/wp\/v2\/posts"}],"about":[{"href":"https:\/\/nvnoticias.mx\/index.php\/wp-json\/wp\/v2\/types\/post"}],"author":[{"embeddable":true,"href":"https:\/\/nvnoticias.mx\/index.php\/wp-json\/wp\/v2\/users\/6"}],"replies":[{"embeddable":true,"href":"https:\/\/nvnoticias.mx\/index.php\/wp-json\/wp\/v2\/comments?post=800"}],"version-history":[{"count":1,"href":"https:\/\/nvnoticias.mx\/index.php\/wp-json\/wp\/v2\/posts\/800\/revisions"}],"predecessor-version":[{"id":804,"href":"https:\/\/nvnoticias.mx\/index.php\/wp-json\/wp\/v2\/posts\/800\/revisions\/804"}],"wp:featuredmedia":[{"embeddable":true,"href":"https:\/\/nvnoticias.mx\/index.php\/wp-json\/wp\/v2\/media\/803"}],"wp:attachment":[{"href":"https:\/\/nvnoticias.mx\/index.php\/wp-json\/wp\/v2\/media?parent=800"}],"wp:term":[{"taxonomy":"category","embeddable":true,"href":"https:\/\/nvnoticias.mx\/index.php\/wp-json\/wp\/v2\/categories?post=800"},{"taxonomy":"post_tag","embeddable":true,"href":"https:\/\/nvnoticias.mx\/index.php\/wp-json\/wp\/v2\/tags?post=800"}],"curies":[{"name":"wp","href":"https:\/\/api.w.org\/{rel}","templated":true}]}}