{"id":79950,"date":"2022-10-25T18:17:37","date_gmt":"2022-10-25T23:17:37","guid":{"rendered":"https:\/\/nvnoticias.mx\/?p=79950"},"modified":"2022-10-25T18:17:38","modified_gmt":"2022-10-25T23:17:38","slug":"adan-augusto-acusa-a-calderon-de-trafico-de-armas","status":"publish","type":"post","link":"https:\/\/nvnoticias.mx\/index.php\/2022\/10\/25\/adan-augusto-acusa-a-calderon-de-trafico-de-armas\/","title":{"rendered":"Ad\u00e1n Augusto acusa a Calder\u00f3n de tr\u00e1fico de armas"},"content":{"rendered":"\n<p>Ad\u00e1n Augusto L\u00f3pez Hern\u00e1ndez, secretario de Gobernaci\u00f3n, inform\u00f3 que existe una investigaci\u00f3n internacional en contra del ex presidente Felipe Calder\u00f3n por tr\u00e1fico de armas.<\/p>\n\n\n\n<p>Durante un encuentro con legisladores de Michoac\u00e1n, L\u00f3pez Hern\u00e1ndez sostuvo que Calder\u00f3n y su gobierno terminaron convertidos en traficantes de armas. <\/p>\n\n\n\n<p>Seg\u00fan el secretario de Gobernaci\u00f3n, durante la administraci\u00f3n del ex panista, las armas que ten\u00edan que destinarse a polic\u00edas y Fuerzas Armadas terminaron en manos del crimen organizado.\u00a0 <\/p>\n\n\n\n<blockquote class=\"wp-block-quote is-layout-flow wp-block-quote-is-layout-flow\"><p>&#8220;<em>Cuando hablamos de compra de armamento todo mundo recuerda como en la \u00e9poca de Felipe Calder\u00f3n, no nada m\u00e1s ah\u00ed s\u00ed se militariz\u00f3 al pa\u00eds, sino en el colmo de la desverg\u00fcenza termin\u00f3 Calder\u00f3n y su gobierno convertidos en traficantes de armas, que iban destinadas a las Fuerzas Armadas, terminaron vendi\u00e9ndoselas al crimen organizado, por eso est\u00e1 detenido Genaro Garc\u00eda Luna (en Estados Unidos), por eso hay una investigaci\u00f3n internacional contra Felipe Calder\u00f3n<\/em>&#8220;, explic\u00f3.\u00a0 <\/p><\/blockquote>\n\n\n\n<p>La semana pasada, Felipe Calder\u00f3n se\u00f1al\u00f3 en un evento que hab\u00eda varias carpetas de investigaci\u00f3n en su contra, sin especificar sobre las indagatorias en cuesti\u00f3n.\u00a0 <\/p>\n\n\n\n<p>Fuente: <a href=\"https:\/\/www.milenio.com\/politica\/felipe-calderon-investigado-trafico-armas-adan-augusto\">Milenio<\/a><\/p>\n","protected":false},"excerpt":{"rendered":"<p>Ad\u00e1n Augusto L\u00f3pez Hern\u00e1ndez, secretario de Gobernaci\u00f3n, inform\u00f3 que existe una investigaci\u00f3n internacional en contra del ex presidente Felipe Calder\u00f3n por tr\u00e1fico de armas. Durante un encuentro con legisladores de Michoac\u00e1n, L\u00f3pez Hern\u00e1ndez sostuvo que Calder\u00f3n y su gobierno terminaron convertidos en traficantes de armas. Seg\u00fan el secretario de Gobernaci\u00f3n, durante la administraci\u00f3n del ex [&hellip;]<\/p>\n","protected":false},"author":8,"featured_media":79951,"comment_status":"open","ping_status":"open","sticky":false,"template":"","format":"standard","meta":{"_monsterinsights_skip_tracking":false,"_monsterinsights_sitenote_active":false,"_monsterinsights_sitenote_note":"","_monsterinsights_sitenote_category":0,"footnotes":""},"categories":[158],"tags":[16465,13543,162,5384],"class_list":["post-79950","post","type-post","status-publish","format-standard","has-post-thumbnail","hentry","category-politica","tag-adan-augusto-lopez","tag-felipe-calderon","tag-portada","tag-trafico-de-armas","wp-image-borders"],"amp_enabled":true,"_links":{"self":[{"href":"https:\/\/nvnoticias.mx\/index.php\/wp-json\/wp\/v2\/posts\/79950","targetHints":{"allow":["GET"]}}],"collection":[{"href":"https:\/\/nvnoticias.mx\/index.php\/wp-json\/wp\/v2\/posts"}],"about":[{"href":"https:\/\/nvnoticias.mx\/index.php\/wp-json\/wp\/v2\/types\/post"}],"author":[{"embeddable":true,"href":"https:\/\/nvnoticias.mx\/index.php\/wp-json\/wp\/v2\/users\/8"}],"replies":[{"embeddable":true,"href":"https:\/\/nvnoticias.mx\/index.php\/wp-json\/wp\/v2\/comments?post=79950"}],"version-history":[{"count":1,"href":"https:\/\/nvnoticias.mx\/index.php\/wp-json\/wp\/v2\/posts\/79950\/revisions"}],"predecessor-version":[{"id":79952,"href":"https:\/\/nvnoticias.mx\/index.php\/wp-json\/wp\/v2\/posts\/79950\/revisions\/79952"}],"wp:featuredmedia":[{"embeddable":true,"href":"https:\/\/nvnoticias.mx\/index.php\/wp-json\/wp\/v2\/media\/79951"}],"wp:attachment":[{"href":"https:\/\/nvnoticias.mx\/index.php\/wp-json\/wp\/v2\/media?parent=79950"}],"wp:term":[{"taxonomy":"category","embeddable":true,"href":"https:\/\/nvnoticias.mx\/index.php\/wp-json\/wp\/v2\/categories?post=79950"},{"taxonomy":"post_tag","embeddable":true,"href":"https:\/\/nvnoticias.mx\/index.php\/wp-json\/wp\/v2\/tags?post=79950"}],"curies":[{"name":"wp","href":"https:\/\/api.w.org\/{rel}","templated":true}]}}