{"id":79938,"date":"2022-10-25T17:54:08","date_gmt":"2022-10-25T22:54:08","guid":{"rendered":"https:\/\/nvnoticias.mx\/?p=79938"},"modified":"2022-10-25T17:54:09","modified_gmt":"2022-10-25T22:54:09","slug":"se-presentara-la-charla-aqui-viene-el-son-lo-afrocaribeno-en-la-ciudad-y-puerto-de-veracruz","status":"publish","type":"post","link":"https:\/\/nvnoticias.mx\/index.php\/2022\/10\/25\/se-presentara-la-charla-aqui-viene-el-son-lo-afrocaribeno-en-la-ciudad-y-puerto-de-veracruz\/","title":{"rendered":"Se presentar\u00e1 la charla &#8220;Aqu\u00ed viene el son&#8230; Lo Afrocaribe\u00f1o en la Ciudad y Puerto de Veracruz&#8221;"},"content":{"rendered":"\n<p>&#8220;Aqu\u00ed viene el son\u2026 Lo Afrocaribe\u00f1o en la Ciudad y Puerto de Veracruz&#8221;  es el t\u00edtulo de la charla que se realizar\u00e1 en el Foro Cultural &#8220;Chuchumbe&#8221;, ubicado en Primero de Mayo y D\u00edaz Arag\u00f3n en la Ciudad de Veracruz, el pr\u00f3ximo Jueves 27 de Octubre en punto de las siete de la tarde. <\/p>\n\n\n\n<p>La charla ser\u00e1 impartida por el colectivo cultural &#8220;Herodoctos&#8221;, integrado por el etno-historiador Armando Ru\u00edz Aguilar y el comunic\u00f3logo y promotor cultural Eduardo Flores Romero, quienes abordaran la influencia de la llamada tercera ra\u00edz en la cultura popular y el ambiente de la bohemia en la Ciudad y Puerto de Veracruz. <\/p>\n\n\n\n<p>Se presentar\u00e1n los salones de baile, como testimonios de la \u00e9poca dorada de los lugares de recreaci\u00f3n, patios de vecindad y plazas p\u00fablicas, en donde se desarrolla y se manifiesta la influencia Afrocaribe\u00f1a. <\/p>\n\n\n\n<p>El Antrop\u00f3logo Jos\u00e9 Manuel Ba\u00f1uelos Ledesma, Director del centro INAH Veracruz, ser\u00e1 qui\u00e9n presente a los ponentes de esta charla como parte de las actividades intituladas &#8220;Volver a Verte&#8221;, promovidas por dicha instituci\u00f3n con motivo de regresar a la presencialidad.<\/p>\n\n\n\n<p>El objetivo del proyecto &#8220;Arqueolog\u00eda de la Bohemia&#8221; es presentar la riqueza del patrimonio material e inmaterial en el ambiente bohemio en la Ciudad y Puerto de Veracruz. <\/p>\n\n\n\n<div class=\"wp-block-image\"><figure class=\"aligncenter size-large is-resized\"><img loading=\"lazy\" decoding=\"async\" src=\"https:\/\/nvnoticias.mx\/wp-content\/uploads\/2022\/10\/WhatsApp-Image-2022-10-25-at-10.54.29-AM-1024x1024.jpeg\" alt=\"\" class=\"wp-image-79941\" width=\"608\" height=\"608\" srcset=\"https:\/\/nvnoticias.mx\/wp-content\/uploads\/2022\/10\/WhatsApp-Image-2022-10-25-at-10.54.29-AM.jpeg 1024w, https:\/\/nvnoticias.mx\/wp-content\/uploads\/2022\/10\/WhatsApp-Image-2022-10-25-at-10.54.29-AM-300x300.jpeg 300w, https:\/\/nvnoticias.mx\/wp-content\/uploads\/2022\/10\/WhatsApp-Image-2022-10-25-at-10.54.29-AM-150x150.jpeg 150w, https:\/\/nvnoticias.mx\/wp-content\/uploads\/2022\/10\/WhatsApp-Image-2022-10-25-at-10.54.29-AM-768x768.jpeg 768w, https:\/\/nvnoticias.mx\/wp-content\/uploads\/2022\/10\/WhatsApp-Image-2022-10-25-at-10.54.29-AM-600x600.jpeg 600w, https:\/\/nvnoticias.mx\/wp-content\/uploads\/2022\/10\/WhatsApp-Image-2022-10-25-at-10.54.29-AM-100x100.jpeg 100w\" sizes=\"auto, (max-width: 608px) 100vw, 608px\" \/><\/figure><\/div>\n","protected":false},"excerpt":{"rendered":"<p>&#8220;Aqu\u00ed viene el son\u2026 Lo Afrocaribe\u00f1o en la Ciudad y Puerto de Veracruz&#8221; es el t\u00edtulo de la charla que se realizar\u00e1 en el Foro Cultural &#8220;Chuchumbe&#8221;, ubicado en Primero de Mayo y D\u00edaz Arag\u00f3n en la Ciudad de Veracruz, el pr\u00f3ximo Jueves 27 de Octubre en punto de las siete de la tarde. La [&hellip;]<\/p>\n","protected":false},"author":8,"featured_media":79942,"comment_status":"open","ping_status":"open","sticky":false,"template":"","format":"standard","meta":{"_monsterinsights_skip_tracking":false,"_monsterinsights_sitenote_active":false,"_monsterinsights_sitenote_note":"","_monsterinsights_sitenote_category":0,"footnotes":""},"categories":[154],"tags":[20528,20529,180],"class_list":["post-79938","post","type-post","status-publish","format-standard","has-post-thumbnail","hentry","category-veracruz","tag-charla","tag-foro-cultural-chchumbe","tag-veracruz","wp-image-borders"],"amp_enabled":true,"_links":{"self":[{"href":"https:\/\/nvnoticias.mx\/index.php\/wp-json\/wp\/v2\/posts\/79938","targetHints":{"allow":["GET"]}}],"collection":[{"href":"https:\/\/nvnoticias.mx\/index.php\/wp-json\/wp\/v2\/posts"}],"about":[{"href":"https:\/\/nvnoticias.mx\/index.php\/wp-json\/wp\/v2\/types\/post"}],"author":[{"embeddable":true,"href":"https:\/\/nvnoticias.mx\/index.php\/wp-json\/wp\/v2\/users\/8"}],"replies":[{"embeddable":true,"href":"https:\/\/nvnoticias.mx\/index.php\/wp-json\/wp\/v2\/comments?post=79938"}],"version-history":[{"count":1,"href":"https:\/\/nvnoticias.mx\/index.php\/wp-json\/wp\/v2\/posts\/79938\/revisions"}],"predecessor-version":[{"id":79943,"href":"https:\/\/nvnoticias.mx\/index.php\/wp-json\/wp\/v2\/posts\/79938\/revisions\/79943"}],"wp:featuredmedia":[{"embeddable":true,"href":"https:\/\/nvnoticias.mx\/index.php\/wp-json\/wp\/v2\/media\/79942"}],"wp:attachment":[{"href":"https:\/\/nvnoticias.mx\/index.php\/wp-json\/wp\/v2\/media?parent=79938"}],"wp:term":[{"taxonomy":"category","embeddable":true,"href":"https:\/\/nvnoticias.mx\/index.php\/wp-json\/wp\/v2\/categories?post=79938"},{"taxonomy":"post_tag","embeddable":true,"href":"https:\/\/nvnoticias.mx\/index.php\/wp-json\/wp\/v2\/tags?post=79938"}],"curies":[{"name":"wp","href":"https:\/\/api.w.org\/{rel}","templated":true}]}}